{"id":5544,"date":"2014-02-28T19:12:04","date_gmt":"2014-03-01T01:12:04","guid":{"rendered":"http:\/\/lavozlit.com\/?p=5544"},"modified":"2014-02-28T19:12:04","modified_gmt":"2014-03-01T01:12:04","slug":"espanol-el-fin-de-las-vacas-flacas","status":"publish","type":"post","link":"https:\/\/workersvoiceus.org\/es\/2014\/02\/28\/espanol-el-fin-de-las-vacas-flacas\/","title":{"rendered":"World economy: The end of the Lean years?"},"content":{"rendered":"<div>\n<em><img data-recalc-dims=\"1\" decoding=\"async\" alt=\"\" src=\"https:\/\/i0.wp.com\/litci.org\/images\/image\/econom%C3%ADa%20mundial.jpg?w=723\" \/><\/em><br \/>\nMUNDO<br \/>\n<em>Escrito por Alejandro Iturbe <\/em><br \/>\n<em>Viernes 21 de Febrero de 2014 21:33<\/em>\n<\/div>\n<div><\/div>\n<div>Recientemente, la presidente del FMI, Christine Larcade declar\u00f3:<i>\u201cSoy optimista, aunque la crisis a\u00fan persiste, la etapa de hielo ha quedado atr\u00e1s y tengo la esperanza que, en 2014, empiece el \u2018per\u00edodo de vacas gordas\u2019\u201d<\/i>\u00a0(<i>El Pa\u00eds<\/i>, 15\/01\/2013).<\/div>\n<div><\/div>\n<div>Con el mismo tono, el jefe de gobierno espa\u00f1ol, Mariano Rajoy, en su reuni\u00f3n con Barack Obama, afirm\u00f3 que\u00a0<i>\u201clo peor ya hab\u00eda pasado\u201d<\/i>\u00a0y que la econom\u00eda espa\u00f1ola entraba en un per\u00edodo de recuperaci\u00f3n.<\/div>\n<div><\/div>\n<div>En otras palabras, la crisis econ\u00f3mica internacional abierta en 2007 habr\u00eda tocado su piso y, a partir de ahora, \u201cs\u00f3lo cabe ir mejorando\u201d. \u00bfSon correctos estos pron\u00f3sticos?<\/div>\n<div><\/div>\n<div><b>Una situaci\u00f3n altamente contradictoria<\/b><\/div>\n<div><b>\u00a0<\/b><\/div>\n<div>Nuestra respuesta es negativa. Por un lado, consideramos que\u00a0<b>todav\u00eda estamos en la onda de impacto de la crisis abierta en 2007<\/b>\u00a0y que la actual coyuntura es parte de ella. As\u00ed ocurri\u00f3 con la crisis de 1929, cuyo impacto dur\u00f3 casi hasta la d\u00e9cada del 1940 y tuvo, en el medio, una cierta recuperaci\u00f3n.\u00a0<b>La burgues\u00eda imperialista s\u00f3lo podr\u00e1 salir de esta onda larga descendente a nivel mundial si consigue dar un salto mayor y mucho m\u00e1s profundo en los niveles de explotaci\u00f3n de la clase obrera mundial y de la de sus pa\u00edses, en particular.<\/b><\/div>\n<div><\/div>\n<div><b>Coyunturalmente, el imperialismo est\u00e1 consiguiendo, de conjunto, no caer en una nueva recesi\u00f3n, especialmente en los EEUU<\/b>. En ese pa\u00eds,\u00a0<b>hay una cierta recuperaci\u00f3n<\/b>\u00a0<b>real<\/b>, aunque no sea espectacular. Al mismo tiempo, Europa que, si bien t\u00e9cnicamente sale de la recesi\u00f3n, lo hace con tasas de crecimiento apenas arriba de 0. En tanto, la econom\u00eda china se desacelera y, tras de s\u00ed, los \u201cpa\u00edses emergentes\u201d (que en a\u00f1os anteriores estaban eludiendo la crisis) comienzan a tener graves problemas monetarios y financieros.<\/div>\n<div><\/div>\n<div>En resumen, si consideramos la econom\u00eda mundial de conjunto, no nos estar\u00edamos acercando a una nueva recesi\u00f3n, como err\u00f3neamente se\u00f1alamos en art\u00edculos anteriores. Al mismo tiempo, estamos muy lejos de haber dejado atr\u00e1s la onda de impacto de la crisis iniciada en 2007 y entrado en el ciclo de \u201cvacas gordas\u201d. Por razones de espacio, en este art\u00edculo vamos a concentrarnos en el an\u00e1lisis de la situaci\u00f3n de EEUU y en la de los pa\u00edses emergentes.<\/div>\n<div><\/div>\n<div><b>La econom\u00eda de EEUU mejora sin un gran \u201csalto inversor\u201d<\/b><\/div>\n<div><b>\u00a0<\/b><\/div>\n<div>La econom\u00eda de EEUU contin\u00faa siendo la principal del mundo (21,4% del PIB mundial, en 2012) y el imperialismo hegem\u00f3nico. Luego de haber sido el epicentro de la crisis de 2007\/2009, hoy est\u00e1 mucho mejor que Europa y fuera de una recesi\u00f3n. Esta din\u00e1mica parece confirmarse en 2013. Seg\u00fan la\u00a0<i>BEA (Bureau de Economics Affairs<\/i>\u00a0del gobierno), para el conjunto del a\u00f1o 2013, se estim\u00f3 un crecimiento entre 2,5 y 3%, con una din\u00e1mica en ascenso. Son cifras que se ubican por debajo del promedio mundial pero\u00a0<b>por arriba del \u201ccrecimiento an\u00e9mico\u201d que hab\u00eda caracterizado Nouriel Roubini<\/b>.<\/div>\n<div>\u00bfEs una recuperaci\u00f3n sostenida o tender\u00e1 a frenarse y caer, o a equilibrarse como ya sucedi\u00f3 antes? Lo que es innegable es que hay una recuperaci\u00f3n. Veamos los elementos que la impulsan.<\/div>\n<div><\/div>\n<div><b>a)<\/b>\u00a0<b>Hubo un aumento de la explotaci\u00f3n y la tasa de plusval\u00eda<\/b>. En los \u00faltimos cinco a\u00f1os, la productividad creci\u00f3 un 20%.\u00a0<b>La burgues\u00eda utiliza la crisis para aumentar la tasa de explotaci\u00f3n<\/b>:<i>\u201cla productividad aument\u00f3 0,9% en el primer trimestre de este a\u00f1o, con una ca\u00edda de 4,3% en los costos laborales\u201d<\/i>. La tasa de ganancia hoy ya se encuentra en los mismos niveles que antes del estallido de la crisis.<\/div>\n<div><b>\u00a0<\/b><\/div>\n<div><b>b)<\/b>\u00a0Hay cierta expansi\u00f3n del sector servicios y una cierta recuperaci\u00f3n en la construcci\u00f3n.\u00a0<b>El desempleo ha venido bajando<\/b>\u00a0desde el momento m\u00e1s agudo de la crisis (casi 10%) hasta junio de 2013, cuando lleg\u00f3 a 7,6%.<\/div>\n<div><\/div>\n<div><b>c) Hay un cambio importante y favorable en la situaci\u00f3n de la balanza energ\u00e9tica<\/b>\u00a0(producci\u00f3n y consumo de combustibles) a partir de la extracci\u00f3n de los esquistos (petr\u00f3leo superpesado) y un exponencial aumento de la explotaci\u00f3n del llamado \u201cshale gas\u201d.<\/div>\n<div><\/div>\n<div><b>d)<\/b>\u00a0Hay un constante\u00a0<b>aumento de la producci\u00f3n de valor agregado en tecnolog\u00eda<\/b>.<\/div>\n<div><\/div>\n<div><b>e)<\/b>\u00a0Hay una<b>\u00a0recuperaci\u00f3n del sector de la construcci\u00f3n e inmobiliario\u00a0<\/b>que creci\u00f3 3,2% en 2012 y se estima un crecimiento algo superior a 13% en 2013.<\/div>\n<div><b>\u00a0<\/b><\/div>\n<div><b>Reducci\u00f3n del d\u00e9ficit estatal y aumento de la deuda p\u00fablica<\/b><\/div>\n<div><b>\u00a0<\/b><\/div>\n<div>Por otro lado, hay una reducci\u00f3n del d\u00e9ficit p\u00fablico a 4% del PIB en 2013 (642.000 millones de d\u00f3lares) desde el 7% (1,1 billones) registrado en 2012. Esta ca\u00edda se debe a dos factores combinados: la ca\u00edda del gasto publico en t\u00e9rminos de porcentaje del PIB, en los hechos un plan de ajuste presupuestario moderado, y al aumento de ingresos impositivos que genera la recuperaci\u00f3n.<\/div>\n<div><\/div>\n<div><b>La deuda p\u00fablica, en tanto, ha continuado aumentando.<\/b>\u00a0En EEUU, tanto la deuda interna como la externa se contabilizan en una cuenta \u00fanica (los bonos del tesoro). La deuda p\u00fablica en 2013 super\u00f3 los 17 billones de d\u00f3lares (alrededor de 105% del PIB y casi el doble que en 2002). En la secuencia hist\u00f3rica, esta\u00a0relaci\u00f3n deuda-PIB s\u00f3lo fue superada en la d\u00e9cada de 1940 y el \u201cesfuerzo b\u00e9lico\u201d de la Segunda Guerra.<\/div>\n<div><\/div>\n<div><b>\u00bf<\/b><b>Cu\u00e1l va a ser la pol\u00edtica monetaria?<\/b><\/div>\n<div><b>\u00a0<\/b><\/div>\n<div>Los gobiernos de EEUU (Bush y Obama) tuvieron diferentes pol\u00edticas monetarias frente a la crisis. Primero dejaron correr el proceso, lo que llev\u00f3 a la ca\u00edda del\u00a0<i>Lehman Brother<\/i>. Luego pasaron a una pol\u00edtica expansiva de la masa monetaria, de inyecci\u00f3n de grandes capitales a los mercados, a tasas muy bajas.<\/div>\n<div><\/div>\n<div>Despu\u00e9s, Obama pas\u00f3 a una pol\u00edtica de expansi\u00f3n controlada (la FED inyectaba 85.000 millones de d\u00f3lares mensuales (emitiendo dinero por la v\u00eda de comprarse a s\u00ed misma bonos del tesoro). Al mismo tiempo, deb\u00edan reducirse los gastos del presupuesto. Ahora, est\u00e1 comenzando a disminuir esta emisi\u00f3n y subiendo las tasas pagadas por la FED, lo que como veremos impacta en toda la din\u00e1mica financiera mundial.<\/div>\n<div><\/div>\n<div>Al mismo tiempo,<b>\u00a0la balanza comercial si bien ha disminuido un poco su saldo negativo (gracias al mayor equilibrio energ\u00e9tico)<\/b>,<b>\u00a0contin\u00faa siendo altamente deficitaria\u00a0<\/b>(cerca de 500.000 millones de d\u00f3lares en 2013).<\/div>\n<div><\/div>\n<div><b>Las inversiones crecen pero parten de un nivel muy bajo<\/b><\/div>\n<div><\/div>\n<div>En su an\u00e1lisis de la din\u00e1mica inversora,<b>\u00a0la BEA dice que las inversiones est\u00e1n creciendo. Pero lo hacen a partir de un nivel hist\u00f3ricamente muy bajo.\u00a0<\/b>Un informe de la FED se\u00f1ala que\u00a0<i>\u201cla relaci\u00f3n fondos disponibles\/inversi\u00f3n efectiva en capital fijo es la m\u00e1s baja desde 1935\u201d<\/i>.\u00a0Es decir, la relaci\u00f3n entre el capital circulante y el que se vuelca a la inversi\u00f3n es uno de los m\u00e1s bajos de la historia (1935 fue considerado un a\u00f1o referente de muy baja inversi\u00f3n por el efecto de la crisis iniciada en 1929).<\/div>\n<div><\/div>\n<div>\u00bfEstamos en un punto de inflexi\u00f3n de la din\u00e1mica inversora o, por el contrario, es s\u00f3lo un\u00a0altibajo m\u00e1s de la econom\u00eda estadounidense en los \u00faltimos a\u00f1os? Es algo que s\u00f3lo se clarificar\u00e1 en un per\u00edodo m\u00e1s largo.\u00a0De todos modos, es necesario analizar por qu\u00e9 se lleg\u00f3 a este punto tan bajo. Creo que se combinan varios factores.<\/div>\n<div><\/div>\n<div>El factor \u00a0m\u00e1s importante es pol\u00edtico: el imperialismo no ha logrado revertir la relaci\u00f3n de fuerzas desfavorable a nivel mundial, resultado de las guerras de Afganist\u00e1n e Irak. Esto mina la \u201cconfianza inversora\u201d de la burgues\u00eda estadounidense.<\/div>\n<div><\/div>\n<div>El segundo aspecto es que, en las \u00faltimas d\u00e9cadas, la econom\u00eda estadounidense se ha ido tornando cada vez m\u00e1s especulativa y parasitaria, con predominio de los sectores de finanzas y servicios y mucho menos industrializada. El peso de la industria en el PIB del pa\u00eds se redujo de 38% en 1965, a 12% en 2004. Al mismo tiempo, como hemos visto, s\u00f3lo una peque\u00f1a parte de las inyecciones a los mercados financieros llega a transformarse en una inversi\u00f3n real porque la mayor\u00eda es utilizada por los bancos para capitalizar su situaci\u00f3n. Esto significa que, a diferencia del per\u00edodo anterior 2002-2007, cuando esa expansi\u00f3n del sector especulativo impulsaba indirectamente la econom\u00eda en su conjunto, ahora su efecto es mucho menor.<\/div>\n<div><\/div>\n<div>Otro aspecto tiene que ver con la dificultad de impulsar el consumo de modo sostenido, algo muy importante en la actual estructura econ\u00f3mica de EEUU para apalancar un crecimiento de las inversiones. En t\u00e9rminos de crecimiento econ\u00f3mico, los ajustes embutidos en las leyes de renovaci\u00f3n y la reducci\u00f3n de los presupuestos estatales tiene un efecto negativo (o neutro) sobre la din\u00e1mica del PIB. Al mismo tiempo,\u00a0<b>contin\u00faan creciendo de modo sostenido las inversiones estadounidenses en el exterior<\/b>: un 40% entre 2008 y 2012.<\/div>\n<div><\/div>\n<div><b><i>&#8220;\u00bfAcaso los emergentes caer\u00e1n uno tras otro?&#8221;<\/i><\/b><\/div>\n<div><\/div>\n<div>Esa es la pregunta que se hac\u00eda el diario franc\u00e9s\u00a0<i>Le Monde<\/i>. Es que, de modo simult\u00e1neo, varios \u201cpa\u00edses emergentes\u201d (algunos de ellos, hasta hace poco tomados como modelos) est\u00e1n atravesando graves problemas monetarios y financieros. La revista brit\u00e1nica especializada\u00a0<i>The Economist<\/i>\u00a0habla del \u201cfin de fiesta\u201d en Venezuela y Argentina por\u00a0\u00a0\u00a0\u00a0\u00a0 la situaci\u00f3n de la moneda y la econom\u00eda venezolanas y argentinas, con alt\u00edsima inflaci\u00f3n, mercado paralelo de divisas, fuga de capitales, etc.<\/div>\n<div><\/div>\n<div>Lo que\u00a0<i>The Economist<\/i>\u00a0(que siempre fue cr\u00edtico de los gobierno de Ch\u00e1vez-Maduro y de los Kirchner) omite decir es que ambos casos no son rayos en cielo sereno. La situaci\u00f3n parece cada m\u00e1s generalizada a varios otros pa\u00edses emergentes en el mundo. Hay problemas econ\u00f3micos graves y crisis monetarias, en el marco de crisis pol\u00edticas y econ\u00f3micas, en Turqu\u00eda, Sud\u00e1frica y la India (y Brasil parece ir en esa din\u00e1mica). En Turqu\u00eda, la lira se devalu\u00f3 30% y los mercados financieros se debilitan, en el marco del fin del ciclo de inversiones extranjeras. Situaciones similares viven el rand sudafricano y la rupia indiana.<\/div>\n<div><\/div>\n<div>Seg\u00fan los analistas internacionales, aunque existen elementos de ataques especulativos, hay bases objetivas, econ\u00f3micas y pol\u00edticas, para este proceso. En varios casos, como ya hemos visto, incide fuertemente en la situaci\u00f3n financiera de esos pa\u00edses la ca\u00edda de los precios de los comodities, a partir de la desaceleraci\u00f3n de la econom\u00eda china y la crisis europea.<\/div>\n<div><b>\u00a0<\/b><\/div>\n<div><b>En este marco, los precios m\u00e1s afectados por el \u201cfin del ciclo\u201d son los de los minerales: en los \u00faltimos dos a\u00f1os, el precio del cobre cayeron 35%, el del hierro 40% y el del oro 36%. Aunque en menor medida, los precios de los alimentos tambi\u00e9n tienen una tendencia a la baja: el precio de la soja baj\u00f3 de 610 d\u00f3lares, en julio de 2012, a 520 en la actualidad; el de trigo de 360 a 320 y el del ma\u00edz de 340 a 300.<\/b><\/div>\n<div><\/div>\n<div>En segundo lugar, el cambio de la pol\u00edtica financiera de EEUU (aumento de las tasas pagadas por la FED para los bonos del tesoro) tambi\u00e9n provoca una retracci\u00f3n de inversiones y del flujo de capitales hacia esos pa\u00edses. Esto se combina, en varios casos, con situaciones de cada vez mayor inestabilidad pol\u00edtica, como Turqu\u00eda, Argentina, Sud\u00e1frica y Brasil.<\/div>\n<div><\/div>\n<div>La conclusi\u00f3n de los analistas es que la tendencia de las tasas de crecimiento de esos pa\u00edses es reducirse a \u201cniveles europeos\u201d y que esto, a su vez, tendr\u00e1 un impacto negativo sobre la situaci\u00f3n econ\u00f3mica mundial en su conjunto.<\/div>\n","protected":false},"excerpt":{"rendered":"<p>MUNDO Escrito por Alejandro Iturbe Viernes 21 de Febrero de 2014 21:33 Recientemente, la presidente del FMI, Christine Larcade declar\u00f3:\u201cSoy optimista, aunque la crisis a\u00fan persiste, la etapa de hielo ha quedado atr\u00e1s y tengo la esperanza que, en 2014, empiece el \u2018per\u00edodo de vacas gordas\u2019\u201d\u00a0(El Pa\u00eds, 15\/01\/2013). Con el mismo tono, el jefe de [&hellip;]<\/p>\n","protected":false},"author":13882120,"featured_media":5545,"comment_status":"open","ping_status":"open","sticky":false,"template":"","format":"standard","meta":{"_crdt_document":"","_jetpack_newsletter_access":"","_jetpack_dont_email_post_to_subs":false,"_jetpack_newsletter_tier_id":0,"_jetpack_memberships_contains_paywalled_content":false,"_jetpack_memberships_contains_paid_content":false,"footnotes":"","jetpack_publicize_message":"","jetpack_publicize_feature_enabled":true,"jetpack_social_post_already_shared":true,"jetpack_social_options":{"image_generator_settings":{"template":"highway","default_image_id":0,"font":"","enabled":false},"version":2},"_wpas_customize_per_network":false,"jetpack_post_was_ever_published":false},"categories":[27806,27799],"tags":[28976,27955,27949,28977],"class_list":["post-5544","post","type-post","status-publish","format-standard","has-post-thumbnail","hentry","category-internacionalinternational","category-national","tag-bea","tag-eeuu","tag-le-monde","tag-lehman-brother"],"translation":{"provider":"WPGlobus","version":"3.0.2","language":"es","enabled_languages":["en","es"],"languages":{"en":{"title":true,"content":true,"excerpt":false},"es":{"title":false,"content":true,"excerpt":false}}},"aioseo_notices":[],"jetpack_publicize_connections":[],"jetpack_featured_media_url":"","jetpack_likes_enabled":true,"jetpack_sharing_enabled":true,"jetpack_shortlink":"https:\/\/wp.me\/pdQxqk-1rq","amp_enabled":true,"_links":{"self":[{"href":"https:\/\/workersvoiceus.org\/es\/wp-json\/wp\/v2\/posts\/5544","targetHints":{"allow":["GET"]}}],"collection":[{"href":"https:\/\/workersvoiceus.org\/es\/wp-json\/wp\/v2\/posts"}],"about":[{"href":"https:\/\/workersvoiceus.org\/es\/wp-json\/wp\/v2\/types\/post"}],"author":[{"embeddable":true,"href":"https:\/\/workersvoiceus.org\/es\/wp-json\/wp\/v2\/users\/13882120"}],"replies":[{"embeddable":true,"href":"https:\/\/workersvoiceus.org\/es\/wp-json\/wp\/v2\/comments?post=5544"}],"version-history":[{"count":0,"href":"https:\/\/workersvoiceus.org\/es\/wp-json\/wp\/v2\/posts\/5544\/revisions"}],"wp:featuredmedia":[{"embeddable":true,"href":"https:\/\/workersvoiceus.org\/es\/wp-json\/"}],"wp:attachment":[{"href":"https:\/\/workersvoiceus.org\/es\/wp-json\/wp\/v2\/media?parent=5544"}],"wp:term":[{"taxonomy":"category","embeddable":true,"href":"https:\/\/workersvoiceus.org\/es\/wp-json\/wp\/v2\/categories?post=5544"},{"taxonomy":"post_tag","embeddable":true,"href":"https:\/\/workersvoiceus.org\/es\/wp-json\/wp\/v2\/tags?post=5544"}],"curies":[{"name":"wp","href":"https:\/\/api.w.org\/{rel}","templated":true}]}}