{"id":4057,"date":"2013-03-06T11:50:39","date_gmt":"2013-03-06T17:50:39","guid":{"rendered":"http:\/\/lavozlit.com\/?p=4057"},"modified":"2013-03-06T11:50:39","modified_gmt":"2013-03-06T17:50:39","slug":"espanol-ante-la-muerte-del-presidente-hugo-chavez","status":"publish","type":"post","link":"https:\/\/workersvoiceus.org\/es\/2013\/03\/06\/espanol-ante-la-muerte-del-presidente-hugo-chavez\/","title":{"rendered":"Ante la Muerte del Presidente Hugo Ch\u00e1vez."},"content":{"rendered":"<p><strong>Unidad Socialista de los Trabajadores (secion de LIT en Venezuela)<\/strong><br \/>\n<strong><\/strong><strong>03\/06\/2013<\/strong><br \/>\n\u00a0<br \/>\n<img data-recalc-dims=\"1\" loading=\"lazy\" decoding=\"async\" alt=\"\" src=\"https:\/\/i0.wp.com\/static.informe21.com\/cdn\/farfuture\/8ODYpEoB6OJao21G4xy5L-93kdOMIrskiWbaUsAlhpA\/mtime%3A1360452457\/sites\/default\/files\/imagecache\/600x400\/images\/hugo-chavez3_0.jpg?resize=341%2C227\" width=\"341\" height=\"227\" \/>Este martes 05 de marzo de 2013, a las 4:25 pm, falleci\u00f3 el presidente de Venezuela Hugo Ch\u00e1vez. Sabemos del dolor y la tristeza de muchos compa\u00f1eros ante esta situaci\u00f3n. A trav\u00e9s de mensajes de textos, llamadas u otros medios, compa\u00f1eros se han dado \u00e1nimo y han llamado a \u201ccontinuar la lucha\u201d.<br \/>\nEs sabido que desde la Unidad Socialista de los Trabajadores (UST), hemos estado y estamos en una posici\u00f3n opuesta al gobierno chavista. Nunca cre\u00edmos que hubi\u00e9semos estado, ni creemos que estemos en camino al socialismo. El gobierno de Ch\u00e1vez surgi\u00f3 como consecuencia del Caracazo, se hab\u00eda montado en ese proceso, no para ir hacia el socialismo, sino para recuperar las instituciones burguesas. Siempre hemos dicho que este era un gobierno tibiamente, nacionalista burgu\u00e9s, que hab\u00eda dado, algunas concesiones a las masas y por eso muchos trabajadores y sectores populares lo consideraban como suyo.<br \/>\nTampoco creemos en los discursos de los militares sobre la independencia nacional y la \u201cpatria socialista\u201d. Pronunciados justamente por quienes no han sido ni siquiera investigados por el genocidio del 27 de febrero de 1989.<br \/>\nPero tenemos que decir, que lejos de constituir un gobierno para lograr la independencia nacional del imperialismo y m\u00e1s all\u00e1 de los discursos, nuestro pa\u00eds sigue bajo los dictados de las empresas multinacionales, la banca extranjera y privada y con una econom\u00eda dependiente de la renta petrolera y con un 40% de \u201cempresas mixtas\u201d (yanquis, rusas, francesas, espa\u00f1olas, italianas, chinas, etc.) que nada tienen que ver con nuestra \u201csoberan\u00eda nacional\u201d.<br \/>\nLas \u00faltimas medidas econ\u00f3micas tomadas por el oficialismo han sido directamente contrarias al nivel de vida de los trabajadores y sectores populares. Beneficiando a los empresarios importadores, especuladores y grandes capitales. Muchas de estas medidas han sido saludadas con entusiasmo por FEDECAMARAS y CONINDUSTRIA, representantes de los patrones \u201copositores\u201d.<br \/>\nTambi\u00e9n debemos denunciar la criminalizaci\u00f3n de la protesta obrera y popular, las persecuciones y asesinatos a los luchadores y activistas sindicales, obreros y del movimiento popular. Una muestra muy reciente es la de Sabino, cacique Yupka, asesinado por sicarios hace pocos d\u00edas (03\/05\/2013).<br \/>\nPor eso llamamos a la reflexi\u00f3n a los luchadores, para que no confiar en los llamados a la unidad que ahora desde el gobierno y tambi\u00e9n desde la Mesa de Unidad Democr\u00e1tica (MUD) nos hacen al pueblo trabajador.<br \/>\nNos quieren confundir. Es hora de que los trabajadores vayamos por un camino independiente de patrones y militares. De bur\u00f3cratas y corruptos. Es hora de que construyamos nuestra propia herramienta pol\u00edtica.<br \/>\nCuando pase este duro momento, comenzar\u00e1n a discutir como gobernar este pa\u00eds. Los diferentes sectores patronales volver\u00e1n a las peleas por el reparto de la renta petrolera, fuente de la riqueza nacional, los militares cumplir\u00e1n la que ha sido su labor de siempre, resguardar el r\u00e9gimen de propiedad privada.<br \/>\nLos trabajadores deberemos intervenir con nuestras propias propuestas, movilizarnos en la defensa de nuestras reivindicaciones, como son salario, empleo, derecho a la organizaci\u00f3n sindical independiente, entre otras y tambi\u00e9n en aras de nuestros derechos pol\u00edticos, es decir movilizarnos por un gobierno obrero y verdaderamente socialista.<br \/>\nLa Unidad Socialista de los Trabajadores siempre ha estado y estar\u00e1 por el apoyo y la participaci\u00f3n directa en las luchas que los trabajadores y las masas populares libren en defensa de sus intereses, reivindicamos hoy m\u00e1s que nunca la necesidad de impulsar la movilizaci\u00f3n de los trabajadores y la necesidad de construir la direcci\u00f3n revolucionaria internacionalista que sea capaz de guiar a la clase obrera hacia la toma del poder.<\/p>\n","protected":false},"excerpt":{"rendered":"<p>&#8220;Es sabido que desde la Unidad Socialista de los Trabajadores (UST), hemos estado y estamos en una posici\u00f3n opuesta al gobierno chavista. Nunca cre\u00edmos que hubi\u00e9semos estado, ni creemos que estemos en camino al socialismo. El gobierno de Ch\u00e1vez surgi\u00f3 como consecuencia del Caracazo, se hab\u00eda montado en ese proceso, no para ir hacia el socialismo, sino para recuperar las instituciones burguesas. Siempre hemos dicho que este era un gobierno tibiamente, nacionalista burgu\u00e9s, que hab\u00eda dado, algunas concesiones a las masas y por eso muchos trabajadores y sectores populares lo consideraban como suyo.&#8221;<\/p>\n","protected":false},"author":13882120,"featured_media":0,"comment_status":"open","ping_status":"open","sticky":false,"template":"","format":"standard","meta":{"_crdt_document":"","_jetpack_newsletter_access":"","_jetpack_dont_email_post_to_subs":false,"_jetpack_newsletter_tier_id":0,"_jetpack_memberships_contains_paywalled_content":false,"_jetpack_memberships_contains_paid_content":false,"footnotes":"","jetpack_publicize_message":"","jetpack_publicize_feature_enabled":true,"jetpack_social_post_already_shared":false,"jetpack_social_options":{"image_generator_settings":{"template":"highway","default_image_id":0,"font":"","enabled":false},"version":2},"_wpas_customize_per_network":false,"jetpack_post_was_ever_published":false},"categories":[27671],"tags":[28516,28517,28518,28519,28520,28521],"class_list":["post-4057","post","type-post","status-publish","format-standard","hentry","category-uncategorized-en","tag-conindustria","tag-fedecamaras","tag-la-unidad-socialista","tag-lit","tag-unidad-socialista","tag-venezuela-hugo-ch"],"translation":{"provider":"WPGlobus","version":"3.0.2","language":"es","enabled_languages":["en","es"],"languages":{"en":{"title":true,"content":false,"excerpt":true},"es":{"title":false,"content":true,"excerpt":false}}},"aioseo_notices":[],"jetpack_publicize_connections":[],"jetpack_featured_media_url":"","jetpack_likes_enabled":true,"jetpack_sharing_enabled":true,"jetpack_shortlink":"https:\/\/wp.me\/pdQxqk-13r","amp_enabled":true,"_links":{"self":[{"href":"https:\/\/workersvoiceus.org\/es\/wp-json\/wp\/v2\/posts\/4057","targetHints":{"allow":["GET"]}}],"collection":[{"href":"https:\/\/workersvoiceus.org\/es\/wp-json\/wp\/v2\/posts"}],"about":[{"href":"https:\/\/workersvoiceus.org\/es\/wp-json\/wp\/v2\/types\/post"}],"author":[{"embeddable":true,"href":"https:\/\/workersvoiceus.org\/es\/wp-json\/wp\/v2\/users\/13882120"}],"replies":[{"embeddable":true,"href":"https:\/\/workersvoiceus.org\/es\/wp-json\/wp\/v2\/comments?post=4057"}],"version-history":[{"count":0,"href":"https:\/\/workersvoiceus.org\/es\/wp-json\/wp\/v2\/posts\/4057\/revisions"}],"wp:attachment":[{"href":"https:\/\/workersvoiceus.org\/es\/wp-json\/wp\/v2\/media?parent=4057"}],"wp:term":[{"taxonomy":"category","embeddable":true,"href":"https:\/\/workersvoiceus.org\/es\/wp-json\/wp\/v2\/categories?post=4057"},{"taxonomy":"post_tag","embeddable":true,"href":"https:\/\/workersvoiceus.org\/es\/wp-json\/wp\/v2\/tags?post=4057"}],"curies":[{"name":"wp","href":"https:\/\/api.w.org\/{rel}","templated":true}]}}