{"id":27943,"date":"2025-12-29T15:47:10","date_gmt":"2025-12-29T20:47:10","guid":{"rendered":"https:\/\/workersvoiceus.org\/?p=27943"},"modified":"2026-01-30T19:39:02","modified_gmt":"2026-01-31T00:39:02","slug":"december-2025-edition-of-forja-socialista","status":"publish","type":"post","link":"https:\/\/workersvoiceus.org\/es\/2025\/12\/29\/december-2025-edition-of-forja-socialista\/","title":{"rendered":"N\u00famero diciembre 2025 de Forja Socialista"},"content":{"rendered":"<p>Lee el n\u00famero de noviembre-diciembre de 2025 de <i>Forja Socialista<\/i>, el peri\u00f3dico de Corriente Socialista de los Trabajadores, secci\u00f3n simpatizante de la LIT-CI en M\u00e9xico. \u00a1Haz clic en el imagen para leer art\u00edculos sobre la polarizaci\u00f3n social en M\u00e9xico, los bloqueos de los agricultores, la llamada protesta de la \u00abGeneraci\u00f3n Z\u00bb en noviembre, las condiciones de los trabajadores, las amenazas medioambientales y mucho m\u00e1s!<\/p>\n<p><a href=\"https:\/\/workersvoiceus.org\/wp-content\/uploads\/2025\/12\/FS15-2.pdf\"><img data-recalc-dims=\"1\" loading=\"lazy\" decoding=\"async\" data-attachment-id=\"27944\" data-permalink=\"https:\/\/workersvoiceus.org\/es\/2025\/12\/29\/december-2025-edition-of-forja-socialista\/screenshot-2025-12-29-at-3-41-56-pm\/\" data-orig-file=\"https:\/\/i0.wp.com\/workersvoiceus.org\/wp-content\/uploads\/2025\/12\/Screenshot-2025-12-29-at-3.41.56-PM-e1767052336363.png?fit=1150%2C1185&amp;ssl=1\" data-orig-size=\"1150,1185\" data-comments-opened=\"1\" data-image-meta=\"{&quot;aperture&quot;:&quot;0&quot;,&quot;credit&quot;:&quot;&quot;,&quot;camera&quot;:&quot;&quot;,&quot;caption&quot;:&quot;&quot;,&quot;created_timestamp&quot;:&quot;0&quot;,&quot;copyright&quot;:&quot;&quot;,&quot;focal_length&quot;:&quot;0&quot;,&quot;iso&quot;:&quot;0&quot;,&quot;shutter_speed&quot;:&quot;0&quot;,&quot;title&quot;:&quot;&quot;,&quot;orientation&quot;:&quot;0&quot;}\" data-image-title=\"Screenshot 2025-12-29 at 3.41.56\u202fPM\" data-image-description=\"\" data-image-caption=\"\" data-large-file=\"https:\/\/i0.wp.com\/workersvoiceus.org\/wp-content\/uploads\/2025\/12\/Screenshot-2025-12-29-at-3.41.56-PM-e1767052336363.png?fit=723%2C745&amp;ssl=1\" class=\"alignnone wp-image-27944 size-large\" src=\"https:\/\/i0.wp.com\/workersvoiceus.org\/wp-content\/uploads\/2025\/12\/Screenshot-2025-12-29-at-3.41.56-PM.png?resize=723%2C868&#038;ssl=1\" alt=\"\" width=\"723\" height=\"868\" \/><\/a><\/p>\n","protected":false},"excerpt":{"rendered":"<p>Lee el n\u00famero de noviembre-diciembre de 2025 de Forja Socialista, el peri\u00f3dico de Corriente Socialista de los Trabajadores, secci\u00f3n simpatizante de la LIT-CI en M\u00e9xico. \u00a1Haz clic en el imagen para leer art\u00edculos sobre la polarizaci\u00f3n social en M\u00e9xico, los bloqueos de los agricultores, la llamada protesta de la \u00abGeneraci\u00f3n Z\u00bb en noviembre, las condiciones [&hellip;]<\/p>\n","protected":false},"author":13882119,"featured_media":27944,"comment_status":"open","ping_status":"open","sticky":false,"template":"","format":"standard","meta":{"_crdt_document":"","_jetpack_newsletter_access":"","_jetpack_dont_email_post_to_subs":false,"_jetpack_newsletter_tier_id":0,"_jetpack_memberships_contains_paywalled_content":false,"_jetpack_memberships_contains_paid_content":false,"footnotes":"","jetpack_publicize_message":"","jetpack_publicize_feature_enabled":true,"jetpack_social_post_already_shared":true,"jetpack_social_options":{"image_generator_settings":{"template":"highway","default_image_id":0,"font":"","enabled":false},"version":2},"_wpas_customize_per_network":false,"jetpack_post_was_ever_published":false},"categories":[27806,27637,30848],"tags":[],"class_list":["post-27943","post","type-post","status-publish","format-standard","has-post-thumbnail","hentry","category-internacionalinternational","category-latin-america","category-newspaper"],"translation":{"provider":"WPGlobus","version":"3.0.2","language":"es","enabled_languages":["en","es"],"languages":{"en":{"title":true,"content":true,"excerpt":false},"es":{"title":true,"content":true,"excerpt":false}}},"aioseo_notices":[],"jetpack_publicize_connections":[],"jetpack_featured_media_url":"https:\/\/i0.wp.com\/workersvoiceus.org\/wp-content\/uploads\/2025\/12\/Screenshot-2025-12-29-at-3.41.56-PM-e1767052336363.png?fit=1150%2C1185&ssl=1","jetpack_likes_enabled":true,"jetpack_sharing_enabled":true,"jetpack_shortlink":"https:\/\/wp.me\/pdQxqk-7gH","amp_enabled":true,"_links":{"self":[{"href":"https:\/\/workersvoiceus.org\/es\/wp-json\/wp\/v2\/posts\/27943","targetHints":{"allow":["GET"]}}],"collection":[{"href":"https:\/\/workersvoiceus.org\/es\/wp-json\/wp\/v2\/posts"}],"about":[{"href":"https:\/\/workersvoiceus.org\/es\/wp-json\/wp\/v2\/types\/post"}],"author":[{"embeddable":true,"href":"https:\/\/workersvoiceus.org\/es\/wp-json\/wp\/v2\/users\/13882119"}],"replies":[{"embeddable":true,"href":"https:\/\/workersvoiceus.org\/es\/wp-json\/wp\/v2\/comments?post=27943"}],"version-history":[{"count":9,"href":"https:\/\/workersvoiceus.org\/es\/wp-json\/wp\/v2\/posts\/27943\/revisions"}],"predecessor-version":[{"id":28276,"href":"https:\/\/workersvoiceus.org\/es\/wp-json\/wp\/v2\/posts\/27943\/revisions\/28276"}],"wp:featuredmedia":[{"embeddable":true,"href":"https:\/\/workersvoiceus.org\/es\/wp-json\/wp\/v2\/media\/27944"}],"wp:attachment":[{"href":"https:\/\/workersvoiceus.org\/es\/wp-json\/wp\/v2\/media?parent=27943"}],"wp:term":[{"taxonomy":"category","embeddable":true,"href":"https:\/\/workersvoiceus.org\/es\/wp-json\/wp\/v2\/categories?post=27943"},{"taxonomy":"post_tag","embeddable":true,"href":"https:\/\/workersvoiceus.org\/es\/wp-json\/wp\/v2\/tags?post=27943"}],"curies":[{"name":"wp","href":"https:\/\/api.w.org\/{rel}","templated":true}]}}