{"id":27620,"date":"2025-11-19T15:39:24","date_gmt":"2025-11-19T20:39:24","guid":{"rendered":"https:\/\/workersvoiceus.org\/?p=27620"},"modified":"2025-11-20T19:34:47","modified_gmt":"2025-11-21T00:34:47","slug":"pstu-and-iwl-fi-denounce-the-farce-of-cop-30","status":"publish","type":"post","link":"https:\/\/workersvoiceus.org\/es\/2025\/11\/19\/pstu-and-iwl-fi-denounce-the-farce-of-cop-30\/","title":{"rendered":"El PSTU y la LIT-CI esta en Bel\u00e9m denunciando la farsa de la COP 30 y que la crisis clim\u00e1tica es capitalista."},"content":{"rendered":"<h6 style=\"text-align: center;\"><img data-recalc-dims=\"1\" loading=\"lazy\" decoding=\"async\" data-attachment-id=\"27622\" data-permalink=\"https:\/\/workersvoiceus.org\/es\/2025\/11\/19\/pstu-and-iwl-fi-denounce-the-farce-of-cop-30\/clima-protesto-1\/\" data-orig-file=\"https:\/\/i0.wp.com\/workersvoiceus.org\/wp-content\/uploads\/2025\/11\/clima-protesto-1.webp?fit=1600%2C1067&amp;ssl=1\" data-orig-size=\"1600,1067\" data-comments-opened=\"1\" data-image-meta=\"{&quot;aperture&quot;:&quot;0&quot;,&quot;credit&quot;:&quot;&quot;,&quot;camera&quot;:&quot;&quot;,&quot;caption&quot;:&quot;&quot;,&quot;created_timestamp&quot;:&quot;0&quot;,&quot;copyright&quot;:&quot;&quot;,&quot;focal_length&quot;:&quot;0&quot;,&quot;iso&quot;:&quot;0&quot;,&quot;shutter_speed&quot;:&quot;0&quot;,&quot;title&quot;:&quot;&quot;,&quot;orientation&quot;:&quot;0&quot;}\" data-image-title=\"clima-protesto-1\" data-image-description=\"\" data-image-caption=\"\" data-large-file=\"https:\/\/i0.wp.com\/workersvoiceus.org\/wp-content\/uploads\/2025\/11\/clima-protesto-1.webp?fit=723%2C482&amp;ssl=1\" class=\"alignnone size-large wp-image-27622\" src=\"https:\/\/i0.wp.com\/workersvoiceus.org\/wp-content\/uploads\/2025\/11\/clima-protesto-1.webp?resize=723%2C482&#038;ssl=1\" alt=\"\" width=\"723\" height=\"482\" srcset=\"https:\/\/i0.wp.com\/workersvoiceus.org\/wp-content\/uploads\/2025\/11\/clima-protesto-1.webp?resize=1024%2C683&amp;ssl=1 1024w, https:\/\/i0.wp.com\/workersvoiceus.org\/wp-content\/uploads\/2025\/11\/clima-protesto-1.webp?resize=300%2C200&amp;ssl=1 300w, https:\/\/i0.wp.com\/workersvoiceus.org\/wp-content\/uploads\/2025\/11\/clima-protesto-1.webp?resize=768%2C512&amp;ssl=1 768w, https:\/\/i0.wp.com\/workersvoiceus.org\/wp-content\/uploads\/2025\/11\/clima-protesto-1.webp?resize=1536%2C1024&amp;ssl=1 1536w, https:\/\/i0.wp.com\/workersvoiceus.org\/wp-content\/uploads\/2025\/11\/clima-protesto-1.webp?w=1600&amp;ssl=1 1600w, https:\/\/i0.wp.com\/workersvoiceus.org\/wp-content\/uploads\/2025\/11\/clima-protesto-1.webp?w=1446&amp;ssl=1 1446w\" sizes=\"auto, (max-width: 723px) 100vw, 723px\" \/><\/h6>\n<h6 class=\"wp-block-heading\">Desde el d\u00eda 10 de noviembre se lleva a cabo en Bel\u00e9m (PA), regi\u00f3n amaz\u00f3nica en Brasil, la 30\u00aa Conferencia de las Naciones Unidas sobre el Cambio Clim\u00e1tico de 2025, la llamada COP 30. La pol\u00edtica de la ONU, junto al gobierno brasile\u00f1o y otros Estados, de realizar el evento en la regi\u00f3n amaz\u00f3nica, fuera de las grandes megal\u00f3polis, buscaba conferir un barniz \u201cdemocr\u00e1tico\u201d a una conferencia que, al igual que las anteriores, sirve \u00fanicamente como un teatro para mostrar una supuesta preocupaci\u00f3n y un falso empe\u00f1o ante la crisis clim\u00e1tica que el capitalismo arrastra al planeta a pasos agigantados.<\/h6>\n<p style=\"text-align: center;\"><strong>Por PSTU &#8211; Brasil<\/strong><\/p>\n<p>Lo que se est\u00e1 viendo en la capital de Par\u00e1, sin embargo, es justamente lo contrario: la segregaci\u00f3n de los pueblos originarios, activistas y movimientos sociales, mientras los representantes del poder y los grandes capitalistas se atrincheran en negociaciones oscuras, repletas de lobbies del agronegocio, de las petroleras extranjeras y mineras. La ciudad ha sido militarizada a trav\u00e9s de una GLO (Garant\u00eda de la Ley y del Orden), medida del Gobierno Lula que pone la seguridad en manos de las Fuerzas Armadas, imponiendo un verdadero Estado de excepci\u00f3n en la zona.<\/p>\n<p>Los espacios dedicados a las negociaciones \u201coficiales\u201d fueron confinados en un espacio llamado \u201cBlue Zone\u201d (Zona Azul), protegidos por un fuerte esquema de seguridad. Lo absurdo llega al punto de que el propio agronegocio, uno de los principales responsables de la deforestaci\u00f3n y genocidio de los pueblos originarios, cuente con su propio espacio, denominado \u201cAgrizone\u201d, ideado por la CNA (Confederaci\u00f3n Nacional de la Agricultura y Ganader\u00eda) y financiado por agricultores y por el Estado.<\/p>\n<h6 class=\"wp-block-heading\">Lee tambi\u00e9n<\/h6>\n<p><a href=\"https:\/\/www.opiniaosocialista.com.br\/os-madeireiros-e-os-garimpeiros-estao-destruindo-tudo-que-ha-de-floresta-afirma-cacique-raoni\/\" target=\"_blank\" rel=\"noopener\">\u201cLos madereros y los mineros est\u00e1n destruyendo todo lo que hay de bosque\u201d, afirma el cacique\u00a0Raoni<\/a><\/p>\n<h4 class=\"wp-block-heading\">Resistencia y movilizaci\u00f3n<\/h4>\n<p>Paralela a la COP 30, sin embargo, ocurre la Cumbre de los Pueblos, evento aut\u00f3nomo que re\u00fane a pueblos originarios, movimientos sociales y activistas de varios pa\u00edses del mundo. Espacio en el que el PSTU y la Liga Internacional de los Trabajadores (LIT-QI), vienen actuando activamente, junto a la CSP-Conlutas, denunciando la farsa de la COP 30, as\u00ed como falsas alternativas, como el \u201ccapitalismo verde\u201d y dem\u00e1s propuestas que no colocan al capitalismo como el centro del problema de la cat\u00e1strofe clim\u00e1tica que se profundiza cada d\u00eda. La delegaci\u00f3n del PSTU y de la LIT-QI cuenta con, entre otras importantes liderazgos, el seringueiro Osmarino Am\u00e2ncio, sucesor de Chico Mendes en las grandes luchas en defensa de la selva y del medio ambiente, contra el agroextractivismo asesino y depredador.<\/p>\n<h6 class=\"wp-block-heading\">Lee tambi\u00e9n<\/h6>\n<p><a href=\"https:\/\/www.opiniaosocialista.com.br\/osmarino-amancio-para-nos-povos-da-floresta-capitalismo-verde-e-uma-tragedia\/\" target=\"_blank\" rel=\"noopener\">Osmarino Am\u00e2ncio: \u201cPara nosotros, pueblos del bosque, el capitalismo verde es una tragedia\u201d<\/a><\/p>\n<p>En este d\u00eda 11, pueblos originarios y movimientos sociales que participaban en la Marcha Global por la Salud y el Clima ocuparon la Zona Azul, denunciando el impacto ambiental y los ataques a los territorios ind\u00edgenas, y fueron duramente reprimidos por las fuerzas de seguridad. Las escenas de los ind\u00edgenas siendo golpeados en un lugar que, supuestamente, ser\u00eda de discusi\u00f3n en defensa de sus intereses, expusieron la farsa y el cinismo de esta conferencia. Tras el episodio, la ONU envi\u00f3 una carta al gobierno brasile\u00f1o exigiendo m\u00e1s \u201cseguridad\u201d en el lugar, a lo que fueron prontamente atendidos.<\/p>\n<p>&nbsp;<\/p>\n<p>Ya al d\u00eda siguiente, ocurri\u00f3 una gran \u201cbarqueada\u201d, abriendo oficialmente las actividades de la Cumbre de los Pueblos, donde casi 200 embarcaciones navegaron por el R\u00edo Guam\u00e1. La militancia del PSTU y de la LIT-QI particip\u00f3 en el barco dedicado a la denuncia del genocidio del pueblo palestino y en defensa de una Palestina libre, del r\u00edo al mar. Los activistas exigen el embargo energ\u00e9tico al Estado de Israel, incluyendo la prohibici\u00f3n de la venta del petr\u00f3leo que, hoy, sale de Brasil para abastecer los tanques que asesinan palestinos en la Franja de Gaza.<\/p>\n<p>&nbsp;<\/p>\n<p>El mismo d\u00eda 12, tuvo lugar, en la sede campestre del Sindicato de Trabajadores de la Construcci\u00f3n Civil de Bel\u00e9m (afiliado a la CSP-Conlutas) una plenaria de acogida a los activistas y a los pueblos originarios, quilombolas y ribere\u00f1os que llegaban a las actividades de la Cumbre de los Pueblos. Los trabajadores de la Construcci\u00f3n Civil protagonizaron una fuerte huelga en septiembre que, durante dos semanas, paraliz\u00f3 las obras, incluidas las de la COP 30, denunciando la marcada desigualdad social en la ciudad y teniendo repercusi\u00f3n internacional.<\/p>\n<p>Ya en este d\u00eda 13, el PSTU particip\u00f3 en el panel \u201cLa COP 30 es un mecanismo del capital para legitimar la destrucci\u00f3n de la Amazon\u00eda\u201d, organizado por la CSP-Conlutas. El debate cont\u00f3 con la participaci\u00f3n de Osmarino, adem\u00e1s de Raquel Trememb\u00e9, l\u00edder ind\u00edgena de Maranh\u00e3o que fue vicepresidenta en la chapa presidencial del PSTU encabezada por Vera en las \u00faltimas elecciones, entre otros representantes de pueblos originarios y activistas.<\/p>\n<div>\n<div><\/div>\n<\/div>\n<p>\u201cMovimientos sociales y auto-organizaci\u00f3n: \u00bfcu\u00e1l es la salida clim\u00e1tica?\u201d fue otro panel, ya en este d\u00eda 14, que cont\u00f3 con la participaci\u00f3n de Jeferson Choma, de Opini\u00f3n Socialista y del canal Ecolog\u00eda Marxista (mira el panel\u00a0<a href=\"https:\/\/www.instagram.com\/p\/DRCoTWmkQnu\/\" target=\"_blank\" rel=\"noopener\">aqu\u00ed<\/a>). En este d\u00eda 15 ocurre una gran Marcha Unitaria por el Clima, cerrando oficialmente las actividades de la Cumbre de los Pueblos.<\/p>\n<h4 class=\"wp-block-heading\">La participaci\u00f3n del PSTU y de la LIT-QI<\/h4>\n<p>La actuaci\u00f3n de la militancia del PSTU comenz\u00f3 mucho antes del inicio de la COP 30. La huelga que sacudi\u00f3 Bel\u00e9m en septiembre y puso el evento en jaque, denunciando la superexplotaci\u00f3n de los trabajadores de la Construcci\u00f3n Civil, fue encabezada por militantes del partido y de la CSP-Conlutas.<\/p>\n<p>En la Cumbre de los Pueblos, el PSTU levant\u00f3 la bandera de que \u201cla cat\u00e1strofe ambiental es capitalista\u201d y que, por lo tanto, \u201cla salida es revolucionaria y socialista\u201d, uniendo a trabajadores y obreros con pueblos originarios, quilombolas y ribere\u00f1os. Adem\u00e1s, el partido defiende al pueblo palestino y la necesidad de la lucha internacional de la clase trabajadora y de los pueblos oprimidos contra el capital para enfrentar la barbarie capitalista.<\/p>\n<blockquote class=\"instagram-media\" data-instgrm-captioned=\"\" data-instgrm-permalink=\"https:\/\/www.instagram.com\/p\/DQ__CgZkVYt\/?utm_source=ig_embed&amp;utm_campaign=loading\" data-instgrm-version=\"14\">\n<div>\n<div><\/div>\n<\/div>\n<\/blockquote>\n<p>Con una delegaci\u00f3n compuesta por militantes de la ciudad y de varias partes del pa\u00eds, el PSTU difundi\u00f3 una publicaci\u00f3n especial para la COP 30 (descarga\u00a0<a href=\"https:\/\/www.opiniaosocialista.com.br\/wp-content\/uploads\/2025\/10\/Encarte-Especial-COP30-OS.pdf\" target=\"_blank\" rel=\"noopener\">aqu\u00ed<\/a>), haciendo todo el debate sobre las ra\u00edces de la crisis ambiental y clim\u00e1tica, el papel del gobierno Lula en el profundizaci\u00f3n de este proceso, y proponiendo la \u00fanica salida posible: el socialismo. La Juventud del partido, a trav\u00e9s del Colectivo Rebeld\u00eda, realiz\u00f3 una reuni\u00f3n de presentaci\u00f3n del PSTU a una nueva generaci\u00f3n que se ve cada vez m\u00e1s sin perspectivas ante el profundizaci\u00f3n de la crisis clim\u00e1tica<\/p>\n<p>El pr\u00f3ximo domingo se llevar\u00e1 a cabo una actividad general de presentaci\u00f3n del PSTU a los activistas en Bel\u00e9m.<\/p>\n<p>&nbsp;<\/p>\n","protected":false},"excerpt":{"rendered":"<p>Desde el d\u00eda 10 de noviembre se lleva a cabo en Bel\u00e9m (PA), regi\u00f3n amaz\u00f3nica en Brasil, la 30\u00aa Conferencia de las Naciones Unidas sobre el Cambio Clim\u00e1tico de 2025, la llamada COP 30. La pol\u00edtica de la ONU, junto al gobierno brasile\u00f1o y otros Estados, de realizar el evento en la regi\u00f3n amaz\u00f3nica, fuera [&hellip;]<\/p>\n","protected":false},"author":13882115,"featured_media":27622,"comment_status":"open","ping_status":"open","sticky":false,"template":"","format":"standard","meta":{"_crdt_document":"","_jetpack_newsletter_access":"","_jetpack_dont_email_post_to_subs":false,"_jetpack_newsletter_tier_id":0,"_jetpack_memberships_contains_paywalled_content":false,"_jetpack_memberships_contains_paid_content":false,"footnotes":"","jetpack_publicize_message":"","jetpack_publicize_feature_enabled":true,"jetpack_social_post_already_shared":true,"jetpack_social_options":{"image_generator_settings":{"template":"highway","default_image_id":0,"font":"","enabled":false},"version":2},"_wpas_customize_per_network":false,"jetpack_post_was_ever_published":false},"categories":[27625,27726,30838,27806,27637],"tags":[],"class_list":["post-27620","post","type-post","status-publish","format-standard","has-post-thumbnail","hentry","category-climate-crisis","category-indigenous-native-peoples","category-international-workers-league","category-internacionalinternational","category-latin-america"],"translation":{"provider":"WPGlobus","version":"3.0.2","language":"es","enabled_languages":["en","es"],"languages":{"en":{"title":true,"content":true,"excerpt":false},"es":{"title":true,"content":true,"excerpt":false}}},"aioseo_notices":[],"jetpack_publicize_connections":[],"jetpack_featured_media_url":"https:\/\/i0.wp.com\/workersvoiceus.org\/wp-content\/uploads\/2025\/11\/clima-protesto-1.webp?fit=1600%2C1067&ssl=1","jetpack_likes_enabled":true,"jetpack_sharing_enabled":true,"jetpack_shortlink":"https:\/\/wp.me\/pdQxqk-7bu","amp_enabled":true,"_links":{"self":[{"href":"https:\/\/workersvoiceus.org\/es\/wp-json\/wp\/v2\/posts\/27620","targetHints":{"allow":["GET"]}}],"collection":[{"href":"https:\/\/workersvoiceus.org\/es\/wp-json\/wp\/v2\/posts"}],"about":[{"href":"https:\/\/workersvoiceus.org\/es\/wp-json\/wp\/v2\/types\/post"}],"author":[{"embeddable":true,"href":"https:\/\/workersvoiceus.org\/es\/wp-json\/wp\/v2\/users\/13882115"}],"replies":[{"embeddable":true,"href":"https:\/\/workersvoiceus.org\/es\/wp-json\/wp\/v2\/comments?post=27620"}],"version-history":[{"count":5,"href":"https:\/\/workersvoiceus.org\/es\/wp-json\/wp\/v2\/posts\/27620\/revisions"}],"predecessor-version":[{"id":27629,"href":"https:\/\/workersvoiceus.org\/es\/wp-json\/wp\/v2\/posts\/27620\/revisions\/27629"}],"wp:featuredmedia":[{"embeddable":true,"href":"https:\/\/workersvoiceus.org\/es\/wp-json\/wp\/v2\/media\/27622"}],"wp:attachment":[{"href":"https:\/\/workersvoiceus.org\/es\/wp-json\/wp\/v2\/media?parent=27620"}],"wp:term":[{"taxonomy":"category","embeddable":true,"href":"https:\/\/workersvoiceus.org\/es\/wp-json\/wp\/v2\/categories?post=27620"},{"taxonomy":"post_tag","embeddable":true,"href":"https:\/\/workersvoiceus.org\/es\/wp-json\/wp\/v2\/tags?post=27620"}],"curies":[{"name":"wp","href":"https:\/\/api.w.org\/{rel}","templated":true}]}}