{"id":19132,"date":"2023-11-25T14:58:03","date_gmt":"2023-11-25T19:58:03","guid":{"rendered":"https:\/\/workersvoiceus.org\/?p=19132"},"modified":"2023-11-25T17:53:16","modified_gmt":"2023-11-25T22:53:16","slug":"argentina-no-peace-the-fight-against-the-new-government-starts-now","status":"publish","type":"post","link":"https:\/\/workersvoiceus.org\/es\/2023\/11\/25\/argentina-no-peace-the-fight-against-the-new-government-starts-now\/","title":{"rendered":"\u00a1Ninguna tregua! La lucha contra el nuevo gobierno comienza hoy mismo"},"content":{"rendered":"<div class=\"tdb-block-inner td-fix-index\">\n<p><img data-recalc-dims=\"1\" loading=\"lazy\" decoding=\"async\" data-attachment-id=\"19134\" data-permalink=\"https:\/\/workersvoiceus.org\/es\/2023\/11\/25\/argentina-no-peace-the-fight-against-the-new-government-starts-now\/javier-milei-1\/\" data-orig-file=\"https:\/\/i0.wp.com\/workersvoiceus.org\/wp-content\/uploads\/2023\/11\/javier-milei-1.webp?fit=1920%2C1280&amp;ssl=1\" data-orig-size=\"1920,1280\" data-comments-opened=\"1\" data-image-meta=\"{&quot;aperture&quot;:&quot;0&quot;,&quot;credit&quot;:&quot;&quot;,&quot;camera&quot;:&quot;&quot;,&quot;caption&quot;:&quot;&quot;,&quot;created_timestamp&quot;:&quot;0&quot;,&quot;copyright&quot;:&quot;&quot;,&quot;focal_length&quot;:&quot;0&quot;,&quot;iso&quot;:&quot;0&quot;,&quot;shutter_speed&quot;:&quot;0&quot;,&quot;title&quot;:&quot;&quot;,&quot;orientation&quot;:&quot;0&quot;}\" data-image-title=\"javier-milei-1\" data-image-description=\"\" data-image-caption=\"\" data-large-file=\"https:\/\/i0.wp.com\/workersvoiceus.org\/wp-content\/uploads\/2023\/11\/javier-milei-1.webp?fit=723%2C482&amp;ssl=1\" class=\"wp-image-19134 aligncenter\" src=\"https:\/\/i0.wp.com\/workersvoiceus.org\/wp-content\/uploads\/2023\/11\/javier-milei-1.webp?resize=723%2C476&#038;ssl=1\" alt=\"\" width=\"723\" height=\"476\" \/><\/p>\n<p><em>Javier Milei triunf\u00f3 por amplia diferencia, y ser\u00e1 el nuevo Presidente. Ya conocemos su programa antiobrero, ahora apoyado por Mauricio Macri, quien declar\u00f3 que el fracaso de su gobierno se debi\u00f3 a su \u201cgradualismo\u201d, a no haber realizado las reformas contra el pueblo de manera r\u00e1pida.<\/em><\/p>\n<p style=\"text-align: center;\"><strong>Por PSTU-Argentina<\/strong><\/p>\n<p>Milei en su discurso, ratific\u00f3 que avanzar\u00e1 de inmediato en su plan contra la clase trabajadora, de sumisi\u00f3n al Fondo Monetario Internacional (FMI) y EE.UU., de abandono de la causa Malvinas, contra todos los derechos obreros, de las minor\u00edas, de la mujer. Y de defensa de la \u201cpropiedad privada\u201d capitalista. Su futuro Gabinete expresa justamente eso.<\/p>\n<p>Tenemos que prepararnos para un ataque brutal y r\u00e1pido. El libertario intentar\u00e1 mostrarse confiable frente al imperialismo\u00a0 y a las grandes patronales que dudan de su capacidad para gobernar.<\/p>\n<p>Tenemos\u00a0 que enfrentarlo desde el primer d\u00eda en la calle, en las f\u00e1bricas, en los lugares de trabajo, en las escuelas y barrios, con la mayor unidad obrera y popular.<\/p>\n<p>No puede haber \u201ctregua\u201d ni un d\u00eda de espera. Toda demora en organizar la resistencia lo pagaremos caro.<\/p>\n<p>La CGT, los gremios, las organizaciones sociales, deber\u00edan mostrar desde ma\u00f1ana mismo su disposici\u00f3n a no permitir ning\u00fan paso atr\u00e1s. Es su deber.<\/p>\n<p>Pero no confiamos en que lo hagan. As\u00ed como permitieron los desastres de Macri en su momento, o con Menem en los \u201890, estar\u00e1n preocupados en lograr un \u201cdi\u00e1logo\u201d con el nuevo Presidente.<\/p>\n<p>Les reclamamos el inmediato llamado a un plan de lucha contra toda medida antiobrera, y ante todo\u00a0 intento de represi\u00f3n de parte de este nuevo gobierno que admira a la Dictadura Militar. Que propone privatizaciones, recorte del gasto p\u00fablico, liquidaci\u00f3n de la Educaci\u00f3n, Salud y Ciencias Estatales p\u00fablicas. En fin, es su plan de sumisi\u00f3n al FMI.<\/p>\n<p>Esa resistencia la tenemos que organizar desde abajo, desde las bases obreras y populares, las \u00fanicas con capacidad para enfrentar lo que viene.<\/p>\n<p><strong>El peronismo mostr\u00f3 su impotencia<\/strong><\/p>\n<p>Sergio Massa fue incapaz de remontar. Es el resultado del desastroso gobierno que el peronismo llev\u00f3 adelante junto a Alberto y Cristina Fern\u00e1ndez. La victoria de Milei solo puede explicarse por la bronca y el hartazgo de la mayor\u00eda de la poblaci\u00f3n con los \u00faltimos gobiernos.<\/p>\n<p>Es que el peronismo y sus diferentes alas est\u00e1n todos al servicio de los distintos sectores empresariales, con la complicidad de los dirigentes sindicales que los siguen. No tiene la convicci\u00f3n ni la fuerza para enfrentar a la \u201cderecha\u201d.<\/p>\n<p>Que esa bronca haya sido capitalizada por una variante de extrema derecha \u201cantisistema\u201d, debe hacer reflexionar a las fuerzas de izquierda, que no supieron canalizar ni siquiera una parte de esa bronca.<\/p>\n<p><strong>Ni un d\u00eda de tregua<\/strong><\/p>\n<p>Desde el PSTU llamamos a la clase obrera y el pueblo a enfrentar el ataque que se viene, sin esperar que las dirigencias lo hagan.<\/p>\n<p>Llamamos a quienes votaron a Massa sin convicci\u00f3n, para trabar y combatir el triunfo de Milei. Y tambi\u00e9n a muchos trabajadores que votaron a Milei, por bronca al actual Gobierno.<\/p>\n<p>M\u00e1s temprano que tarde, Milei mostrar\u00e1 su sumisi\u00f3n al FMI y las multinacionales, al poder de\u00a0 EE.UU. y al empresariado, as\u00ed como sus medidas contrarias a los m\u00e1s elementales derechos sociales y libertades democr\u00e1ticas. Los perjudicados seremos los trabajadores y el pueblo pobre, no importa a qui\u00e9n hayamos votado.<\/p>\n<p>Tenemos que lograr la mayor unidad para enfrentar este ataque, como primer paso para poner en pie un nuevo proyecto obrero y popular, revolucionario, que enfrente y expropie a los grandes capitalistas, expropie a las multinacionales que saquean nuestros recursos y destruyen el medio ambiente. Que deje de pagar la fraudulenta Deuda P\u00fablica Interna y Externa y ponga todos esos recursos al servicio de las necesidades populares, y termine con la inflaci\u00f3n. Es decir, un proyecto que impulse el verdadero cambio que necesitamos: una Revoluci\u00f3n Obrera y Socialista que lleve la clase obrera al poder e inicia el camino del socialismo.<\/p>\n<\/div>\n","protected":false},"excerpt":{"rendered":"<p>Javier Milei triunf\u00f3 por amplia diferencia, y ser\u00e1 el nuevo Presidente. Ya conocemos su programa antiobrero, ahora apoyado por Mauricio Macri, quien declar\u00f3 que el fracaso de su gobierno se debi\u00f3 a su \u201cgradualismo\u201d, a no haber realizado las reformas contra el pueblo de manera r\u00e1pida. Por PSTU-Argentina Milei en su discurso, ratific\u00f3 que avanzar\u00e1 [&hellip;]<\/p>\n","protected":false},"author":13882115,"featured_media":19134,"comment_status":"open","ping_status":"open","sticky":false,"template":"","format":"standard","meta":{"_crdt_document":"","_jetpack_newsletter_access":"","_jetpack_dont_email_post_to_subs":false,"_jetpack_newsletter_tier_id":0,"_jetpack_memberships_contains_paywalled_content":false,"_jetpack_memberships_contains_paid_content":false,"footnotes":"","jetpack_publicize_message":"","jetpack_publicize_feature_enabled":true,"jetpack_social_post_already_shared":true,"jetpack_social_options":{"image_generator_settings":{"template":"highway","default_image_id":0,"font":"","enabled":false},"version":2},"_wpas_customize_per_network":false,"jetpack_post_was_ever_published":false},"categories":[30838,27806,27637],"tags":[31290],"class_list":["post-19132","post","type-post","status-publish","format-standard","has-post-thumbnail","hentry","category-international-workers-league","category-internacionalinternational","category-latin-america","tag-milei"],"translation":{"provider":"WPGlobus","version":"3.0.2","language":"es","enabled_languages":["en","es"],"languages":{"en":{"title":true,"content":true,"excerpt":false},"es":{"title":true,"content":true,"excerpt":false}}},"aioseo_notices":[],"jetpack_publicize_connections":[],"jetpack_featured_media_url":"https:\/\/i0.wp.com\/workersvoiceus.org\/wp-content\/uploads\/2023\/11\/javier-milei-1.webp?fit=1920%2C1280&ssl=1","jetpack_likes_enabled":true,"jetpack_sharing_enabled":true,"jetpack_shortlink":"https:\/\/wp.me\/pdQxqk-4YA","amp_enabled":true,"_links":{"self":[{"href":"https:\/\/workersvoiceus.org\/es\/wp-json\/wp\/v2\/posts\/19132","targetHints":{"allow":["GET"]}}],"collection":[{"href":"https:\/\/workersvoiceus.org\/es\/wp-json\/wp\/v2\/posts"}],"about":[{"href":"https:\/\/workersvoiceus.org\/es\/wp-json\/wp\/v2\/types\/post"}],"author":[{"embeddable":true,"href":"https:\/\/workersvoiceus.org\/es\/wp-json\/wp\/v2\/users\/13882115"}],"replies":[{"embeddable":true,"href":"https:\/\/workersvoiceus.org\/es\/wp-json\/wp\/v2\/comments?post=19132"}],"version-history":[{"count":4,"href":"https:\/\/workersvoiceus.org\/es\/wp-json\/wp\/v2\/posts\/19132\/revisions"}],"predecessor-version":[{"id":19138,"href":"https:\/\/workersvoiceus.org\/es\/wp-json\/wp\/v2\/posts\/19132\/revisions\/19138"}],"wp:featuredmedia":[{"embeddable":true,"href":"https:\/\/workersvoiceus.org\/es\/wp-json\/wp\/v2\/media\/19134"}],"wp:attachment":[{"href":"https:\/\/workersvoiceus.org\/es\/wp-json\/wp\/v2\/media?parent=19132"}],"wp:term":[{"taxonomy":"category","embeddable":true,"href":"https:\/\/workersvoiceus.org\/es\/wp-json\/wp\/v2\/categories?post=19132"},{"taxonomy":"post_tag","embeddable":true,"href":"https:\/\/workersvoiceus.org\/es\/wp-json\/wp\/v2\/tags?post=19132"}],"curies":[{"name":"wp","href":"https:\/\/api.w.org\/{rel}","templated":true}]}}