{"id":17849,"date":"2023-07-25T10:49:33","date_gmt":"2023-07-25T14:49:33","guid":{"rendered":"https:\/\/workersvoiceus.org\/?p=17849"},"modified":"2023-09-09T14:10:01","modified_gmt":"2023-09-09T18:10:01","slug":"workers-voice-fund-drive-update-please-contribute","status":"publish","type":"post","link":"https:\/\/workersvoiceus.org\/es\/2023\/07\/25\/workers-voice-fund-drive-update-please-contribute\/","title":{"rendered":"Campa\u00f1a de recaudaci\u00f3n de fondos de La Voz de los Trabajadores: \u00a1contribuya!"},"content":{"rendered":"<p><img data-recalc-dims=\"1\" loading=\"lazy\" decoding=\"async\" data-attachment-id=\"17851\" data-permalink=\"https:\/\/workersvoiceus.org\/es\/2023\/07\/25\/workers-voice-fund-drive-update-please-contribute\/workers-voice-screenshot\/\" data-orig-file=\"https:\/\/i0.wp.com\/workersvoiceus.org\/wp-content\/uploads\/2023\/07\/Workers-Voice-screenshot.jpg?fit=845%2C567&amp;ssl=1\" data-orig-size=\"845,567\" data-comments-opened=\"1\" data-image-meta=\"{&quot;aperture&quot;:&quot;0&quot;,&quot;credit&quot;:&quot;&quot;,&quot;camera&quot;:&quot;&quot;,&quot;caption&quot;:&quot;&quot;,&quot;created_timestamp&quot;:&quot;0&quot;,&quot;copyright&quot;:&quot;&quot;,&quot;focal_length&quot;:&quot;0&quot;,&quot;iso&quot;:&quot;0&quot;,&quot;shutter_speed&quot;:&quot;0&quot;,&quot;title&quot;:&quot;&quot;,&quot;orientation&quot;:&quot;1&quot;}\" data-image-title=\"Workers Voice screenshot\" data-image-description=\"\" data-image-caption=\"\" data-large-file=\"https:\/\/i0.wp.com\/workersvoiceus.org\/wp-content\/uploads\/2023\/07\/Workers-Voice-screenshot.jpg?fit=723%2C485&amp;ssl=1\" class=\"aligncenter wp-image-17851\" src=\"https:\/\/i0.wp.com\/workersvoiceus.org\/wp-content\/uploads\/2023\/07\/Workers-Voice-screenshot.jpg?resize=723%2C499&#038;ssl=1\" alt=\"\" width=\"723\" height=\"499\" \/><\/p>\n<p style=\"text-align: center;\"><strong>Por EL COMIT\u00c9 DE RECAUDACI\u00d3N DE FONDOS DE LA VOZ DE LOS TRABAJADORES<\/strong><\/p>\n<p>La Voz de los Trabajadores ha recaudado m\u00e1s de $7000 en la primera mitad de nuestra campa\u00f1a de recaudaci\u00f3n de fondos. Estamos a seis semanas del final de la campa\u00f1a y planeamos alcanzar nuestro objetivo de 10.000 d\u00f3lares a trav\u00e9s de las generosas contribuciones de los simpatizantes de todo el pa\u00eds.<\/p>\n<p>\u00a1Esperamos que hagas una contribuci\u00f3n hoy, y nos ayudes a alcanzar nuestro objetivo y a difundir que la soluci\u00f3n es el socialismo! <a href=\"https:\/\/chuffed.org\/project\/wv2023\">Haga clic aqu\u00ed para contribuir.<\/a><\/p>\n<p>Desde el inicio de la campa\u00f1a de recogida de fondos, a principios de junio, hemos estado muy ocupados en todo el pa\u00eds organizando el movimiento obrero. Nuestros miembros han estado de pie en solidaridad con los trabajadores de las l\u00edneas de piquetes de rodadura para apoyar Amazon Teamsters en el Local 396 en Palmdale, California, a la huelga WGA\/SAG-AFTRA, a la pr\u00e1ctica UPS l\u00edneas de piquetes.<\/p>\n<p>Durante las \u00faltimas seis semanas, La Voz de los Trabajadores tambi\u00e9n ha celebrado foros y clases presenciales en Filadelfia, Oakland, Providence y New Haven, Connecticut. Los temas han incluido la lucha por la liberaci\u00f3n trans y la lucha contra los ataques de la extrema derecha, la lucha contra el cierre de escuelas, el significado de la huelga de Teamster de 1934 para los trabajadores de hoy, y las luchas desde Stop Cop City hasta Palestina. Los debates en cada uno de estos foros han ayudado a despertar la imaginaci\u00f3n de trabajadores y estudiantes que son nuevos en el movimiento socialista. Tambi\u00e9n estamos organizando en octubre una conferencia de un d\u00eda sobre ecosocialismo en la Costa Este, en la que el fil\u00f3sofo y escritor sobre el cambio clim\u00e1tico Prof. Olufemi O. Taiwo ser\u00e1 el orador principal.<\/p>\n<p>En relaci\u00f3n al movimiento de masas, nuestra organizaci\u00f3n est\u00e1 ayudando a organizar la Marcha para Acabar con los Combustibles F\u00f3siles en Nueva York el 17 de septiembre. Nuestros miembros se est\u00e1n dirigiendo a sus sindicatos, grupos de estudiantes en el campus y organizaciones comunitarias para recaudar fondos y ayudar a llenar autobuses en sus zonas para este esfuerzo tan importante. Como parte de nuestros esfuerzos ecosocialistas de oto\u00f1o, estamos dedicando un n\u00famero especial del peri\u00f3dico <em>Acci\u00f3n Obrera<\/em> a la crisis clim\u00e1tica y a la causa de la justicia medioambiental.<\/p>\n<p>La Voz de los Trabajadores tambi\u00e9n se dedica a construir la solidaridad con la clase obrera ucraniana a trav\u00e9s de la ayuda internacional de trabajador a trabajador para ayudar a las familias trabajadoras en su resistencia a la invasi\u00f3n rusa. Hasta la fecha hemos ayudado a recaudar casi 10.000 d\u00f3lares para el Sindicato Independiente de Mineros de Kryvyi Rih. Tambi\u00e9n nos hemos comprometido a apoyar una gira de conferencias en oto\u00f1o a trav\u00e9s de la Red de Solidaridad con Ucrania.<\/p>\n<p>La Voz de los Trabajadores tambi\u00e9n est\u00e1 planeando viajes para asistir a conferencias socialistas y sindicales en Brasil para enriquecer nuestra comprensi\u00f3n de c\u00f3mo los trabajadores se est\u00e1n organizando en todo el mundo. Esperamos obtener valiosos conocimientos sobre la lucha de clases all\u00ed que dar\u00e1n a nuestros esfuerzos una nueva perspectiva.<\/p>\n<p>Desde nuestra conferencia de fusi\u00f3n en marzo de 2021, y la fundaci\u00f3n de una nueva Voz de los Trabajadores ampliada, tambi\u00e9n hemos dedicado fondos para ayudar a proporcionar viajes y gastos para un miembro voluntario del personal de La Voz de los Trabajadores que pueda trabajar a tiempo completo en actividades de organizaci\u00f3n. Disponer de esta opci\u00f3n nos ha permitido construir nuestra organizaci\u00f3n en varios lugares de todo el pa\u00eds y prestar un apoyo fundamental a las filiales y a los miembros en general.<\/p>\n<p>Todos estos esfuerzos, por supuesto, requieren financiaci\u00f3n. Tu contribuci\u00f3n de 1.500 d\u00f3lares ayudar\u00e1 a pagar la distribuci\u00f3n de m\u00e1s de 3.000 ejemplares de Acci\u00f3n Obrera que se distribuir\u00e1n en la Marcha para Acabar con los Combustibles F\u00f3siles del 17 de septiembre en Nueva York. 1000 d\u00f3lares pueden ayudar a costear el viaje, el alojamiento y los honorarios de un orador nativo americano para nuestra conferencia ecosocialista, o una serie de nuevos folletos sobre el cambio clim\u00e1tico, Ucrania y otros temas. 500 d\u00f3lares nos ayudar\u00e1n a reembolsar los gastos de viaje de nuestro organizador voluntario este oto\u00f1o. 300$ nos ayudar\u00e1n a pagar los gastos de un estudiante o trabajador de bajos ingresos en la Conferencia Socialismo 2023 en Chicago. $100 nos ayudar\u00e1n a imprimir folletos para las pr\u00f3ximas clases, foros y conferencias.<\/p>\n<p>\u00a1Gracias por tu contribuci\u00f3n! Dependemos de simpatizantes como usted para ayudarnos a construir una voz fuerte para el socialismo.<\/p>\n<p>&nbsp;<\/p>\n","protected":false},"excerpt":{"rendered":"<p>Por EL COMIT\u00c9 DE RECAUDACI\u00d3N DE FONDOS DE LA VOZ DE LOS TRABAJADORES La Voz de los Trabajadores ha recaudado m\u00e1s de $7000 en la primera mitad de nuestra campa\u00f1a de recaudaci\u00f3n de fondos. Estamos a seis semanas del final de la campa\u00f1a y planeamos alcanzar nuestro objetivo de 10.000 d\u00f3lares a trav\u00e9s de las [&hellip;]<\/p>\n","protected":false},"author":13882115,"featured_media":17851,"comment_status":"open","ping_status":"open","sticky":false,"template":"","format":"standard","meta":{"_jetpack_newsletter_access":"","_jetpack_dont_email_post_to_subs":false,"_jetpack_newsletter_tier_id":0,"_jetpack_memberships_contains_paywalled_content":false,"_wpcom_ai_launchpad_first_post":false,"_jetpack_feature_clip_id":0,"_jetpack_memberships_contains_paid_content":false,"footnotes":"","jetpack_publicize_message":"{title}\n\n{excerpt}\n\n{url}","jetpack_publicize_feature_enabled":true,"jetpack_social_post_already_shared":true,"jetpack_social_options":{"image_generator_settings":{"template":"highway","default_image_id":0,"font":"","enabled":false},"version":2},"_wpas_customize_per_network":false,"jetpack_post_was_ever_published":false},"categories":[30862],"tags":[],"class_list":["post-17849","post","type-post","status-publish","format-standard","has-post-thumbnail","hentry","category-workers-voice-campaigns"],"translation":{"provider":"WPGlobus","version":"3.0.5","language":"es","enabled_languages":["en","es"],"languages":{"en":{"title":true,"content":true,"excerpt":false},"es":{"title":true,"content":true,"excerpt":false}}},"aioseo_notices":[],"aioseo_head":"\n\t\t<!-- All in One SEO 5.0.1.1 - aioseo.com -->\n\t<meta name=\"description\" content=\"(Tambi\u00e9n en espa\u00f1ol) Workers\u2019 Voice has raised more than $7000 in the first half of our fund drive! We are now six weeks away from the end of the drive and plan to reach our goal of $10,000 through the continued generous contributions of supporters across the country...\" \/>\n\t<meta name=\"robots\" content=\"max-image-preview:large\" \/>\n\t<meta name=\"author\" content=\"philahistory\"\/>\n\t<link rel=\"canonical\" href=\"https:\/\/workersvoiceus.org\/es\/2023\/07\/25\/workers-voice-fund-drive-update-please-contribute\/\" \/>\n\t<meta name=\"generator\" content=\"All in One SEO (AIOSEO) 5.0.1.1\" \/>\n\t\t<meta property=\"og:locale\" content=\"es_ES\" \/>\n\t\t<meta property=\"og:site_name\" content=\"La Voz de los Trabajadores - Una fusion de Socialist Resurgence y La Voz de los Trabajadores\" \/>\n\t\t<meta property=\"og:type\" content=\"article\" \/>\n\t\t<meta property=\"og:title\" content=\"Campa\u00f1a de recaudaci\u00f3n de fondos de La Voz de los Trabajadores: \u00a1contribuya! - Workers&#039; Voice\/La Voz\" \/>\n\t\t<meta property=\"og:description\" content=\"(Tambi\u00e9n en espa\u00f1ol) Workers\u2019 Voice has raised more than $7000 in the first half of our fund drive! We are now six weeks away from the end of the drive and plan to reach our goal of $10,000 through the continued generous contributions of supporters across the country...\" \/>\n\t\t<meta property=\"og:url\" content=\"https:\/\/workersvoiceus.org\/es\/2023\/07\/25\/workers-voice-fund-drive-update-please-contribute\/\" \/>\n\t\t<meta property=\"og:image\" content=\"https:\/\/workersvoiceus.org\/wp-content\/uploads\/2023\/07\/Workers-Voice-screenshot.jpg\" \/>\n\t\t<meta property=\"og:image:secure_url\" content=\"https:\/\/workersvoiceus.org\/wp-content\/uploads\/2023\/07\/Workers-Voice-screenshot.jpg\" \/>\n\t\t<meta property=\"og:image:width\" content=\"845\" \/>\n\t\t<meta property=\"og:image:height\" content=\"567\" \/>\n\t\t<meta property=\"article:published_time\" content=\"2023-07-25T14:49:33+00:00\" \/>\n\t\t<meta property=\"article:modified_time\" content=\"2023-09-09T18:10:01+00:00\" \/>\n\t\t<meta property=\"article:publisher\" content=\"https:\/\/www.facebook.com\/workersvoiceus\" \/>\n\t\t<meta name=\"twitter:card\" content=\"summary\" \/>\n\t\t<meta name=\"twitter:site\" content=\"@WorkersVoice_US\" \/>\n\t\t<meta name=\"twitter:title\" content=\"Campa\u00f1a de recaudaci\u00f3n de fondos de La Voz de los Trabajadores: \u00a1contribuya! - Workers&#039; Voice\/La Voz\" \/>\n\t\t<meta name=\"twitter:description\" content=\"(Tambi\u00e9n en espa\u00f1ol) Workers\u2019 Voice has raised more than $7000 in the first half of our fund drive! We are now six weeks away from the end of the drive and plan to reach our goal of $10,000 through the continued generous contributions of supporters across the country...\" \/>\n\t\t<meta name=\"twitter:creator\" content=\"@WorkersVoice_US\" \/>\n\t\t<meta name=\"twitter:image\" content=\"https:\/\/workersvoiceus.org\/wp-content\/uploads\/2023\/07\/Workers-Voice-screenshot.jpg\" \/>\n\t\t<script type=\"application\/ld+json\" class=\"aioseo-schema\">\n\t\t\t{\"@context\":\"https:\\\/\\\/schema.org\",\"@graph\":[{\"@type\":\"BlogPosting\",\"@id\":\"https:\\\/\\\/workersvoiceus.org\\\/es\\\/2023\\\/07\\\/25\\\/workers-voice-fund-drive-update-please-contribute\\\/#blogposting\",\"name\":\"Campa\\u00f1a de recaudaci\\u00f3n de fondos de La Voz de los Trabajadores: \\u00a1contribuya! - Workers' Voice\\\/La Voz\",\"headline\":\"Campa\\u00f1a de recaudaci\\u00f3n de fondos de La Voz de los Trabajadores: \\u00a1contribuya!\",\"author\":{\"@id\":\"https:\\\/\\\/workersvoiceus.org\\\/es\\\/author\\\/philahistory\\\/#author\"},\"publisher\":{\"@id\":\"https:\\\/\\\/workersvoiceus.org\\\/es\\\/#organization\"},\"image\":{\"@type\":\"ImageObject\",\"url\":\"https:\\\/\\\/i0.wp.com\\\/workersvoiceus.org\\\/wp-content\\\/uploads\\\/2023\\\/07\\\/Workers-Voice-screenshot.jpg?fit=845%2C567&ssl=1\",\"width\":845,\"height\":567},\"datePublished\":\"2023-07-25T10:49:33-04:00\",\"dateModified\":\"2023-09-09T14:10:01-04:00\",\"inLanguage\":\"es-ES\",\"mainEntityOfPage\":{\"@id\":\"https:\\\/\\\/workersvoiceus.org\\\/es\\\/2023\\\/07\\\/25\\\/workers-voice-fund-drive-update-please-contribute\\\/#webpage\"},\"isPartOf\":{\"@id\":\"https:\\\/\\\/workersvoiceus.org\\\/es\\\/2023\\\/07\\\/25\\\/workers-voice-fund-drive-update-please-contribute\\\/#webpage\"},\"articleSection\":\"Workers\\u2019 Voice campaigns\"},{\"@type\":\"BreadcrumbList\",\"@id\":\"https:\\\/\\\/workersvoiceus.org\\\/es\\\/2023\\\/07\\\/25\\\/workers-voice-fund-drive-update-please-contribute\\\/#breadcrumblist\",\"itemListElement\":[{\"@type\":\"ListItem\",\"@id\":\"https:\\\/\\\/workersvoiceus.org\\\/es#listItem\",\"position\":1,\"name\":\"Home\",\"item\":\"https:\\\/\\\/workersvoiceus.org\\\/es\",\"nextItem\":{\"@type\":\"ListItem\",\"@id\":\"https:\\\/\\\/workersvoiceus.org\\\/es\\\/category\\\/workers-voice-campaigns\\\/#listItem\",\"name\":\"Workers\\u2019 Voice campaigns\"}},{\"@type\":\"ListItem\",\"@id\":\"https:\\\/\\\/workersvoiceus.org\\\/es\\\/category\\\/workers-voice-campaigns\\\/#listItem\",\"position\":2,\"name\":\"Workers\\u2019 Voice campaigns\",\"item\":\"https:\\\/\\\/workersvoiceus.org\\\/es\\\/category\\\/workers-voice-campaigns\\\/\",\"nextItem\":{\"@type\":\"ListItem\",\"@id\":\"https:\\\/\\\/workersvoiceus.org\\\/es\\\/2023\\\/07\\\/25\\\/workers-voice-fund-drive-update-please-contribute\\\/#listItem\",\"name\":\"Campa\\u00f1a de recaudaci\\u00f3n de fondos de La Voz de los Trabajadores: \\u00a1contribuya!\"},\"previousItem\":{\"@type\":\"ListItem\",\"@id\":\"https:\\\/\\\/workersvoiceus.org\\\/es#listItem\",\"name\":\"Home\"}},{\"@type\":\"ListItem\",\"@id\":\"https:\\\/\\\/workersvoiceus.org\\\/es\\\/2023\\\/07\\\/25\\\/workers-voice-fund-drive-update-please-contribute\\\/#listItem\",\"position\":3,\"name\":\"Campa\\u00f1a de recaudaci\\u00f3n de fondos de La Voz de los Trabajadores: \\u00a1contribuya!\",\"previousItem\":{\"@type\":\"ListItem\",\"@id\":\"https:\\\/\\\/workersvoiceus.org\\\/es\\\/category\\\/workers-voice-campaigns\\\/#listItem\",\"name\":\"Workers\\u2019 Voice campaigns\"}}]},{\"@type\":\"Organization\",\"@id\":\"https:\\\/\\\/workersvoiceus.org\\\/es\\\/#organization\",\"name\":\"Workers' Voice\\\/La Voz de los Trabajadores\",\"description\":\"Una fusion de Socialist Resurgence y La Voz de los Trabajadores\",\"url\":\"https:\\\/\\\/workersvoiceus.org\\\/es\\\/\",\"sameAs\":[\"https:\\\/\\\/www.facebook.com\\\/workersvoiceus\",\"https:\\\/\\\/twitter.com\\\/WorkersVoice_US\",\"https:\\\/\\\/www.instagram.com\\\/workersvoiceus\\\/\"]},{\"@type\":\"Person\",\"@id\":\"https:\\\/\\\/workersvoiceus.org\\\/es\\\/author\\\/philahistory\\\/#author\",\"url\":\"https:\\\/\\\/workersvoiceus.org\\\/es\\\/author\\\/philahistory\\\/\",\"name\":\"philahistory\",\"image\":{\"@type\":\"ImageObject\",\"@id\":\"https:\\\/\\\/workersvoiceus.org\\\/es\\\/2023\\\/07\\\/25\\\/workers-voice-fund-drive-update-please-contribute\\\/#authorImage\",\"url\":\"https:\\\/\\\/secure.gravatar.com\\\/avatar\\\/4060a01da4b5637608d72866d0d000f038c0882cf6970cef03fb6d32e298e6b6?s=96&d=identicon&r=g\",\"width\":96,\"height\":96,\"caption\":\"philahistory\"}},{\"@type\":\"WebPage\",\"@id\":\"https:\\\/\\\/workersvoiceus.org\\\/es\\\/2023\\\/07\\\/25\\\/workers-voice-fund-drive-update-please-contribute\\\/#webpage\",\"url\":\"https:\\\/\\\/workersvoiceus.org\\\/es\\\/2023\\\/07\\\/25\\\/workers-voice-fund-drive-update-please-contribute\\\/\",\"name\":\"Campa\\u00f1a de recaudaci\\u00f3n de fondos de La Voz de los Trabajadores: \\u00a1contribuya! - Workers' Voice\\\/La Voz\",\"description\":\"(Tambi\\u00e9n en espa\\u00f1ol) Workers\\u2019 Voice has raised more than $7000 in the first half of our fund drive! We are now six weeks away from the end of the drive and plan to reach our goal of $10,000 through the continued generous contributions of supporters across the country...\",\"inLanguage\":\"es-ES\",\"isPartOf\":{\"@id\":\"https:\\\/\\\/workersvoiceus.org\\\/es\\\/#website\"},\"breadcrumb\":{\"@id\":\"https:\\\/\\\/workersvoiceus.org\\\/es\\\/2023\\\/07\\\/25\\\/workers-voice-fund-drive-update-please-contribute\\\/#breadcrumblist\"},\"author\":{\"@id\":\"https:\\\/\\\/workersvoiceus.org\\\/es\\\/author\\\/philahistory\\\/#author\"},\"creator\":{\"@id\":\"https:\\\/\\\/workersvoiceus.org\\\/es\\\/author\\\/philahistory\\\/#author\"},\"image\":{\"@type\":\"ImageObject\",\"url\":\"https:\\\/\\\/i0.wp.com\\\/workersvoiceus.org\\\/wp-content\\\/uploads\\\/2023\\\/07\\\/Workers-Voice-screenshot.jpg?fit=845%2C567&ssl=1\",\"@id\":\"https:\\\/\\\/workersvoiceus.org\\\/es\\\/2023\\\/07\\\/25\\\/workers-voice-fund-drive-update-please-contribute\\\/#mainImage\",\"width\":845,\"height\":567},\"primaryImageOfPage\":{\"@id\":\"https:\\\/\\\/workersvoiceus.org\\\/es\\\/2023\\\/07\\\/25\\\/workers-voice-fund-drive-update-please-contribute\\\/#mainImage\"},\"datePublished\":\"2023-07-25T10:49:33-04:00\",\"dateModified\":\"2023-09-09T14:10:01-04:00\"},{\"@type\":\"WebSite\",\"@id\":\"https:\\\/\\\/workersvoiceus.org\\\/es\\\/#website\",\"url\":\"https:\\\/\\\/workersvoiceus.org\\\/es\\\/\",\"name\":\"{:en}Workers' Voice\\\/La Voz de los Trabajadores{:}{:es}La Voz de los Trabajadores{:}\",\"description\":\"Una fusion de Socialist Resurgence y La Voz de los Trabajadores\",\"inLanguage\":\"es-ES\",\"publisher\":{\"@id\":\"https:\\\/\\\/workersvoiceus.org\\\/es\\\/#organization\"}}]}\n\t\t<\/script>\n\t\t<!-- All in One SEO -->\n\n","aioseo_head_json":{"title":"Campa\u00f1a de recaudaci\u00f3n de fondos de La Voz de los Trabajadores: \u00a1contribuya! - Workers' Voice\/La Voz","description":"(Tambi\u00e9n en espa\u00f1ol) Workers\u2019 Voice has raised more than $7000 in the first half of our fund drive! We are now six weeks away from the end of the drive and plan to reach our goal of $10,000 through the continued generous contributions of supporters across the country...","canonical_url":"https:\/\/workersvoiceus.org\/es\/2023\/07\/25\/workers-voice-fund-drive-update-please-contribute\/","robots":"max-image-preview:large","keywords":"","webmasterTools":{"miscellaneous":""},"schema":{"@context":"https:\/\/schema.org","@graph":[{"@type":"BlogPosting","@id":"https:\/\/workersvoiceus.org\/es\/2023\/07\/25\/workers-voice-fund-drive-update-please-contribute\/#blogposting","name":"Campa\u00f1a de recaudaci\u00f3n de fondos de La Voz de los Trabajadores: \u00a1contribuya! - Workers' Voice\/La Voz","headline":"Campa\u00f1a de recaudaci\u00f3n de fondos de La Voz de los Trabajadores: \u00a1contribuya!","author":{"@id":"https:\/\/workersvoiceus.org\/es\/author\/philahistory\/#author"},"publisher":{"@id":"https:\/\/workersvoiceus.org\/es\/#organization"},"image":{"@type":"ImageObject","url":"https:\/\/i0.wp.com\/workersvoiceus.org\/wp-content\/uploads\/2023\/07\/Workers-Voice-screenshot.jpg?fit=845%2C567&ssl=1","width":845,"height":567},"datePublished":"2023-07-25T10:49:33-04:00","dateModified":"2023-09-09T14:10:01-04:00","inLanguage":"es-ES","mainEntityOfPage":{"@id":"https:\/\/workersvoiceus.org\/es\/2023\/07\/25\/workers-voice-fund-drive-update-please-contribute\/#webpage"},"isPartOf":{"@id":"https:\/\/workersvoiceus.org\/es\/2023\/07\/25\/workers-voice-fund-drive-update-please-contribute\/#webpage"},"articleSection":"Workers\u2019 Voice campaigns"},{"@type":"BreadcrumbList","@id":"https:\/\/workersvoiceus.org\/es\/2023\/07\/25\/workers-voice-fund-drive-update-please-contribute\/#breadcrumblist","itemListElement":[{"@type":"ListItem","@id":"https:\/\/workersvoiceus.org\/es#listItem","position":1,"name":"Home","item":"https:\/\/workersvoiceus.org\/es","nextItem":{"@type":"ListItem","@id":"https:\/\/workersvoiceus.org\/es\/category\/workers-voice-campaigns\/#listItem","name":"Workers\u2019 Voice campaigns"}},{"@type":"ListItem","@id":"https:\/\/workersvoiceus.org\/es\/category\/workers-voice-campaigns\/#listItem","position":2,"name":"Workers\u2019 Voice campaigns","item":"https:\/\/workersvoiceus.org\/es\/category\/workers-voice-campaigns\/","nextItem":{"@type":"ListItem","@id":"https:\/\/workersvoiceus.org\/es\/2023\/07\/25\/workers-voice-fund-drive-update-please-contribute\/#listItem","name":"Campa\u00f1a de recaudaci\u00f3n de fondos de La Voz de los Trabajadores: \u00a1contribuya!"},"previousItem":{"@type":"ListItem","@id":"https:\/\/workersvoiceus.org\/es#listItem","name":"Home"}},{"@type":"ListItem","@id":"https:\/\/workersvoiceus.org\/es\/2023\/07\/25\/workers-voice-fund-drive-update-please-contribute\/#listItem","position":3,"name":"Campa\u00f1a de recaudaci\u00f3n de fondos de La Voz de los Trabajadores: \u00a1contribuya!","previousItem":{"@type":"ListItem","@id":"https:\/\/workersvoiceus.org\/es\/category\/workers-voice-campaigns\/#listItem","name":"Workers\u2019 Voice campaigns"}}]},{"@type":"Organization","@id":"https:\/\/workersvoiceus.org\/es\/#organization","name":"Workers' Voice\/La Voz de los Trabajadores","description":"Una fusion de Socialist Resurgence y La Voz de los Trabajadores","url":"https:\/\/workersvoiceus.org\/es\/","sameAs":["https:\/\/www.facebook.com\/workersvoiceus","https:\/\/twitter.com\/WorkersVoice_US","https:\/\/www.instagram.com\/workersvoiceus\/"]},{"@type":"Person","@id":"https:\/\/workersvoiceus.org\/es\/author\/philahistory\/#author","url":"https:\/\/workersvoiceus.org\/es\/author\/philahistory\/","name":"philahistory","image":{"@type":"ImageObject","@id":"https:\/\/workersvoiceus.org\/es\/2023\/07\/25\/workers-voice-fund-drive-update-please-contribute\/#authorImage","url":"https:\/\/secure.gravatar.com\/avatar\/4060a01da4b5637608d72866d0d000f038c0882cf6970cef03fb6d32e298e6b6?s=96&d=identicon&r=g","width":96,"height":96,"caption":"philahistory"}},{"@type":"WebPage","@id":"https:\/\/workersvoiceus.org\/es\/2023\/07\/25\/workers-voice-fund-drive-update-please-contribute\/#webpage","url":"https:\/\/workersvoiceus.org\/es\/2023\/07\/25\/workers-voice-fund-drive-update-please-contribute\/","name":"Campa\u00f1a de recaudaci\u00f3n de fondos de La Voz de los Trabajadores: \u00a1contribuya! - Workers' Voice\/La Voz","description":"(Tambi\u00e9n en espa\u00f1ol) Workers\u2019 Voice has raised more than $7000 in the first half of our fund drive! We are now six weeks away from the end of the drive and plan to reach our goal of $10,000 through the continued generous contributions of supporters across the country...","inLanguage":"es-ES","isPartOf":{"@id":"https:\/\/workersvoiceus.org\/es\/#website"},"breadcrumb":{"@id":"https:\/\/workersvoiceus.org\/es\/2023\/07\/25\/workers-voice-fund-drive-update-please-contribute\/#breadcrumblist"},"author":{"@id":"https:\/\/workersvoiceus.org\/es\/author\/philahistory\/#author"},"creator":{"@id":"https:\/\/workersvoiceus.org\/es\/author\/philahistory\/#author"},"image":{"@type":"ImageObject","url":"https:\/\/i0.wp.com\/workersvoiceus.org\/wp-content\/uploads\/2023\/07\/Workers-Voice-screenshot.jpg?fit=845%2C567&ssl=1","@id":"https:\/\/workersvoiceus.org\/es\/2023\/07\/25\/workers-voice-fund-drive-update-please-contribute\/#mainImage","width":845,"height":567},"primaryImageOfPage":{"@id":"https:\/\/workersvoiceus.org\/es\/2023\/07\/25\/workers-voice-fund-drive-update-please-contribute\/#mainImage"},"datePublished":"2023-07-25T10:49:33-04:00","dateModified":"2023-09-09T14:10:01-04:00"},{"@type":"WebSite","@id":"https:\/\/workersvoiceus.org\/es\/#website","url":"https:\/\/workersvoiceus.org\/es\/","name":"{:en}Workers' Voice\/La Voz de los Trabajadores{:}{:es}La Voz de los Trabajadores{:}","description":"Una fusion de Socialist Resurgence y La Voz de los Trabajadores","inLanguage":"es-ES","publisher":{"@id":"https:\/\/workersvoiceus.org\/es\/#organization"}}]},"og:locale":"es_ES","og:site_name":"La Voz de los Trabajadores - Una fusion de Socialist Resurgence y La Voz de los Trabajadores","og:type":"article","og:title":"Campa\u00f1a de recaudaci\u00f3n de fondos de La Voz de los Trabajadores: \u00a1contribuya! - Workers' Voice\/La Voz","og:description":"(Tambi\u00e9n en espa\u00f1ol) Workers\u2019 Voice has raised more than $7000 in the first half of our fund drive! We are now six weeks away from the end of the drive and plan to reach our goal of $10,000 through the continued generous contributions of supporters across the country...","og:url":"https:\/\/workersvoiceus.org\/es\/2023\/07\/25\/workers-voice-fund-drive-update-please-contribute\/","og:image":"https:\/\/workersvoiceus.org\/wp-content\/uploads\/2023\/07\/Workers-Voice-screenshot.jpg","og:image:secure_url":"https:\/\/workersvoiceus.org\/wp-content\/uploads\/2023\/07\/Workers-Voice-screenshot.jpg","og:image:width":845,"og:image:height":567,"article:published_time":"2023-07-25T14:49:33+00:00","article:modified_time":"2023-09-09T18:10:01+00:00","article:publisher":"https:\/\/www.facebook.com\/workersvoiceus","twitter:card":"summary","twitter:site":"@WorkersVoice_US","twitter:title":"Campa\u00f1a de recaudaci\u00f3n de fondos de La Voz de los Trabajadores: \u00a1contribuya! - Workers' Voice\/La Voz","twitter:description":"(Tambi\u00e9n en espa\u00f1ol) Workers\u2019 Voice has raised more than $7000 in the first half of our fund drive! We are now six weeks away from the end of the drive and plan to reach our goal of $10,000 through the continued generous contributions of supporters across the country...","twitter:creator":"@WorkersVoice_US","twitter:image":"https:\/\/workersvoiceus.org\/wp-content\/uploads\/2023\/07\/Workers-Voice-screenshot.jpg"},"aioseo_meta_data":{"post_id":"17849","title":"#post_title #separator_sa Workers' Voice\/La Voz","description":"(Tambi\u00e9n en espa\u00f1ol) Workers\u2019 Voice has raised more than $7000 in the first half of our fund drive! We are now six weeks away from the end of the drive and plan to reach our goal of $10,000 through the continued generous contributions of supporters across the country...","keywords":[],"keyphrases":{"focus":{"keyphrase":"","score":0,"analysis":{"keyphraseInTitle":{"score":0,"maxScore":9,"error":1}}},"additional":[]},"primary_term":null,"canonical_url":null,"og_title":null,"og_description":null,"og_object_type":"default","og_image_type":"default","og_image_url":null,"og_image_width":null,"og_image_height":null,"og_image_custom_url":null,"og_image_custom_fields":null,"og_video":"","og_custom_url":null,"og_article_section":null,"og_article_tags":[],"twitter_use_og":false,"twitter_card":"default","twitter_image_type":"default","twitter_image_url":null,"twitter_image_custom_url":null,"twitter_image_custom_fields":null,"twitter_title":null,"twitter_description":null,"schema":{"blockGraphs":[],"customGraphs":[],"default":{"data":{"Article":[],"Course":[],"Dataset":[],"FAQPage":[],"Movie":[],"Person":[],"Product":[],"ProductReview":[],"Car":[],"Recipe":[],"Service":[],"SoftwareApplication":[],"WebPage":[]},"graphName":"BlogPosting","isEnabled":true},"graphs":[]},"schema_type":"default","schema_type_options":null,"pillar_content":false,"robots_default":true,"robots_noindex":false,"robots_noarchive":false,"robots_nosnippet":false,"robots_nofollow":false,"robots_noimageindex":false,"robots_noodp":false,"robots_notranslate":false,"robots_max_snippet":"-1","robots_max_videopreview":"-1","robots_max_imagepreview":"large","priority":null,"frequency":"default","local_seo":null,"breadcrumb_settings":null,"limit_modified_date":false,"ai":null,"created":"2023-07-25 14:49:33","updated":"2025-06-04 10:22:46","seo_analyzer_scan_date":null,"focus_keyword":null,"additional_keywords":null,"truseo_locale":null},"aioseo_breadcrumb":"<div class=\"aioseo-breadcrumbs\"><span class=\"aioseo-breadcrumb\">\n\t\t\t<a href=\"https:\/\/workersvoiceus.org\/es\" title=\"Home\">Home<\/a>\n\t\t<\/span><span class=\"aioseo-breadcrumb-separator\">&raquo;<\/span><span class=\"aioseo-breadcrumb\">\n\t\t\t<a href=\"https:\/\/workersvoiceus.org\/es\/category\/workers-voice-campaigns\/\" title=\"Workers\u2019 Voice campaigns\">Workers\u2019 Voice campaigns<\/a>\n\t\t<\/span><span class=\"aioseo-breadcrumb-separator\">&raquo;<\/span><span class=\"aioseo-breadcrumb\">\n\t\t\tCampa\u00f1a de recaudaci\u00f3n de fondos de La Voz de los Trabajadores: \u00a1contribuya!\n\t\t<\/span><\/div>","aioseo_breadcrumb_json":[{"label":"Home","link":"https:\/\/workersvoiceus.org\/es"},{"label":"Workers\u2019 Voice campaigns","link":"https:\/\/workersvoiceus.org\/es\/category\/workers-voice-campaigns\/"},{"label":"Campa\u00f1a de recaudaci\u00f3n de fondos de La Voz de los Trabajadores: \u00a1contribuya!","link":"https:\/\/workersvoiceus.org\/es\/2023\/07\/25\/workers-voice-fund-drive-update-please-contribute\/"}],"jetpack_publicize_connections":[],"jetpack_likes_enabled":true,"jetpack_sharing_enabled":true,"jetpack_shortlink":"https:\/\/wp.me\/pdQxqk-4DT","amp_enabled":true,"jetpack_featured_media_url":"https:\/\/i0.wp.com\/workersvoiceus.org\/wp-content\/uploads\/2023\/07\/Workers-Voice-screenshot.jpg?fit=845%2C567&ssl=1","_links":{"self":[{"href":"https:\/\/workersvoiceus.org\/es\/wp-json\/wp\/v2\/posts\/17849","targetHints":{"allow":["GET"]}}],"collection":[{"href":"https:\/\/workersvoiceus.org\/es\/wp-json\/wp\/v2\/posts"}],"about":[{"href":"https:\/\/workersvoiceus.org\/es\/wp-json\/wp\/v2\/types\/post"}],"author":[{"embeddable":true,"href":"https:\/\/workersvoiceus.org\/es\/wp-json\/wp\/v2\/users\/13882115"}],"replies":[{"embeddable":true,"href":"https:\/\/workersvoiceus.org\/es\/wp-json\/wp\/v2\/comments?post=17849"}],"version-history":[{"count":21,"href":"https:\/\/workersvoiceus.org\/es\/wp-json\/wp\/v2\/posts\/17849\/revisions"}],"predecessor-version":[{"id":18173,"href":"https:\/\/workersvoiceus.org\/es\/wp-json\/wp\/v2\/posts\/17849\/revisions\/18173"}],"wp:featuredmedia":[{"embeddable":true,"href":"https:\/\/workersvoiceus.org\/es\/wp-json\/wp\/v2\/media\/17851"}],"wp:attachment":[{"href":"https:\/\/workersvoiceus.org\/es\/wp-json\/wp\/v2\/media?parent=17849"}],"wp:term":[{"taxonomy":"category","embeddable":true,"href":"https:\/\/workersvoiceus.org\/es\/wp-json\/wp\/v2\/categories?post=17849"},{"taxonomy":"post_tag","embeddable":true,"href":"https:\/\/workersvoiceus.org\/es\/wp-json\/wp\/v2\/tags?post=17849"}],"curies":[{"name":"wp","href":"https:\/\/api.w.org\/{rel}","templated":true}]}}