{"id":17317,"date":"2023-05-31T18:55:00","date_gmt":"2023-05-31T22:55:00","guid":{"rendered":"https:\/\/workersvoiceus.org\/?p=17317"},"modified":"2023-06-01T14:53:45","modified_gmt":"2023-06-01T18:53:45","slug":"defend-the-communist-party-the-popular-movement-in-sudan","status":"publish","type":"post","link":"https:\/\/workersvoiceus.org\/es\/2023\/05\/31\/defend-the-communist-party-the-popular-movement-in-sudan\/","title":{"rendered":"\u00a1Defiende al Partido Comunista y al movimiento popular en Sud\u00e1n!"},"content":{"rendered":"<p><img data-recalc-dims=\"1\" loading=\"lazy\" decoding=\"async\" data-attachment-id=\"17319\" data-permalink=\"https:\/\/workersvoiceus.org\/es\/2023\/05\/31\/defend-the-communist-party-the-popular-movement-in-sudan\/abel-fattah-burhan\/\" data-orig-file=\"https:\/\/i0.wp.com\/workersvoiceus.org\/wp-content\/uploads\/2023\/05\/Abel-Fattah-Burhan.jpeg?fit=1536%2C864&amp;ssl=1\" data-orig-size=\"1536,864\" data-comments-opened=\"1\" data-image-meta=\"{&quot;aperture&quot;:&quot;0&quot;,&quot;credit&quot;:&quot;&quot;,&quot;camera&quot;:&quot;&quot;,&quot;caption&quot;:&quot;&quot;,&quot;created_timestamp&quot;:&quot;0&quot;,&quot;copyright&quot;:&quot;&quot;,&quot;focal_length&quot;:&quot;0&quot;,&quot;iso&quot;:&quot;0&quot;,&quot;shutter_speed&quot;:&quot;0&quot;,&quot;title&quot;:&quot;&quot;,&quot;orientation&quot;:&quot;0&quot;}\" data-image-title=\"Abel Fattah Burhan\" data-image-description=\"\" data-image-caption=\"\" data-large-file=\"https:\/\/i0.wp.com\/workersvoiceus.org\/wp-content\/uploads\/2023\/05\/Abel-Fattah-Burhan.jpeg?fit=723%2C407&amp;ssl=1\" class=\"wp-image-17319 aligncenter\" src=\"https:\/\/i0.wp.com\/workersvoiceus.org\/wp-content\/uploads\/2023\/05\/Abel-Fattah-Burhan.jpeg?resize=723%2C407&#038;ssl=1\" alt=\"\" width=\"723\" height=\"407\" srcset=\"https:\/\/i0.wp.com\/workersvoiceus.org\/wp-content\/uploads\/2023\/05\/Abel-Fattah-Burhan.jpeg?resize=300%2C169&amp;ssl=1 300w, https:\/\/i0.wp.com\/workersvoiceus.org\/wp-content\/uploads\/2023\/05\/Abel-Fattah-Burhan.jpeg?resize=1024%2C576&amp;ssl=1 1024w, https:\/\/i0.wp.com\/workersvoiceus.org\/wp-content\/uploads\/2023\/05\/Abel-Fattah-Burhan.jpeg?resize=768%2C432&amp;ssl=1 768w, https:\/\/i0.wp.com\/workersvoiceus.org\/wp-content\/uploads\/2023\/05\/Abel-Fattah-Burhan.jpeg?resize=1200%2C675&amp;ssl=1 1200w, https:\/\/i0.wp.com\/workersvoiceus.org\/wp-content\/uploads\/2023\/05\/Abel-Fattah-Burhan.jpeg?w=1536&amp;ssl=1 1536w, https:\/\/i0.wp.com\/workersvoiceus.org\/wp-content\/uploads\/2023\/05\/Abel-Fattah-Burhan.jpeg?w=1446&amp;ssl=1 1446w\" sizes=\"auto, (max-width: 723px) 100vw, 723px\" \/><\/p>\n<p style=\"text-align: center;\"><strong>Por LA VOZ DE LOS TRABAJADORES<\/strong><\/p>\n<p>El 25 de mayo, la milicia de las Fuerzas de Apoyo R\u00e1pido (Janjaweed) asalt\u00f3 las oficinas del Partido Comunista de Sud\u00e1n (PCS) y la redacci\u00f3n del peri\u00f3dico del partido, El Midan. La acci\u00f3n fue calificada de &#8220;acto b\u00e1rbaro y cobarde&#8221; en una declaraci\u00f3n emitida el 26 de mayo por la Secretar\u00eda del Comit\u00e9 Central del SCP.<\/p>\n<p>La declaraci\u00f3n del SCP continuaba: &#8220;Esta fuerza agresiva rompi\u00f3 las puertas de todas las oficinas y salas de la sede del partido, y llev\u00f3 a cabo extensos actos de vandalismo, da\u00f1os y saqueo de todo el contenido y la propiedad del lugar. Estas fuerzas siguen presentes en el Cuartel General del partido hasta ahora, utiliz\u00e1ndolo como cuartel general&#8221;. El SCP pide adem\u00e1s &#8220;el fin de la guerra y el procesamiento y exigencia de responsabilidades a todas las partes que han contribuido a encenderla&#8221;.<\/p>\n<p><em>Noticias Dabanga<\/em> informa de ataques y amenazas contra periodistas que cubren la actual guerra entre facciones militares. El 11 de mayo, la RSF asalt\u00f3 las oficinas del peri\u00f3dico El Hirak El Siyasi en Jartum. El 12 de mayo, una declaraci\u00f3n del Sindicato de Periodistas de Sud\u00e1n (SJS) conden\u00f3 &#8220;las nuevas amenazas contra hombres y mujeres periodistas en Sud\u00e1n, tras el estallido del conflicto armado entre el ej\u00e9rcito y la RSF a mediados de abril&#8221;. El SJS denuncia tambi\u00e9n recientes redadas de la RSF en domicilios de periodistas.<\/p>\n<p>En el momento de escribir estas l\u00edneas, se mantiene por segundo d\u00eda un tenue alto el fuego. Sin embargo, se est\u00e1 informando de que el ej\u00e9rcito ha suspendido su participaci\u00f3n en las conversaciones patrocinadas por Estados Unidos y Arabia Saud\u00ed, lo que hace temer que se reanuden los combates en una guerra que ya se ha cobrado al menos 850 muertos y 5500 heridos. Adem\u00e1s, casi 1,4 millones de personas se han visto desplazadas por los combates: un mill\u00f3n internamente, mientras que otras 345.000 han huido de Sud\u00e1n a pa\u00edses vecinos.<\/p>\n<p>Como<a href=\"https:\/\/workersvoiceus.org\/es\/2023\/05\/11\/warlords-wreak-havoc-on-sudan\/\"> explicamos en un informe anterior<\/a>, &#8220;los intereses imperialistas extranjeros y sus apoderados regionales, como el r\u00e9gimen saud\u00ed, no son intermediarios honestos y presionar\u00e1n al movimiento para que comprometa los objetivos de los luchadores prodemocr\u00e1ticos. En \u00faltima instancia, las potencias imperialistas temen el contagio de la revoluci\u00f3n por encima de todo y tratar\u00e1n de encontrar formas de resolver la situaci\u00f3n a favor del dominio capitalista. El imperialismo occidental tambi\u00e9n teme la competencia del imperialismo chino y ruso por los recursos minerales y petrol\u00edferos vitales.&#8221;<\/p>\n<p>La Voz de los Trabajadores llama a la defensa incondicional del movimiento popular en Sud\u00e1n. Est\u00e1 claro que las facciones beligerantes son enemigas del pueblo sudan\u00e9s. La \u00fanica alternativa es el triunfo revolucionario del pueblo sudan\u00e9s.<\/p>\n<p>\u00a1Abajo la RSF y los militares! \u00a1Libera los periodistas! \u00a1Manos fuera del movimiento popular! \u00a1Manos fuera del Partido Comunista Sudan\u00e9s!<\/p>\n<p>Foto: El jefe del ej\u00e9rcito sudan\u00e9s, Abdel Fattah al-Burhan (izquierda), y el jefe de la RSF, Mohamed Hamdan Dagalo (alias, Hemeti).<\/p>\n","protected":false},"excerpt":{"rendered":"<p>Por LA VOZ DE LOS TRABAJADORES El 25 de mayo, la milicia de las Fuerzas de Apoyo R\u00e1pido (Janjaweed) asalt\u00f3 las oficinas del Partido Comunista de Sud\u00e1n (PCS) y la redacci\u00f3n del peri\u00f3dico del partido, El Midan. La acci\u00f3n fue calificada de &#8220;acto b\u00e1rbaro y cobarde&#8221; en una declaraci\u00f3n emitida el 26 de mayo por [&hellip;]<\/p>\n","protected":false},"author":13882115,"featured_media":17319,"comment_status":"open","ping_status":"open","sticky":false,"template":"","format":"standard","meta":{"_crdt_document":"","_jetpack_newsletter_access":"","_jetpack_dont_email_post_to_subs":false,"_jetpack_newsletter_tier_id":0,"_jetpack_memberships_contains_paywalled_content":false,"_jetpack_memberships_contains_paid_content":false,"footnotes":"","jetpack_publicize_message":"","jetpack_publicize_feature_enabled":true,"jetpack_social_post_already_shared":true,"jetpack_social_options":{"image_generator_settings":{"template":"highway","default_image_id":0,"font":"","enabled":false},"version":2},"_wpas_customize_per_network":false,"jetpack_post_was_ever_published":false},"categories":[30690],"tags":[],"class_list":["post-17317","post","type-post","status-publish","format-standard","has-post-thumbnail","hentry","category-africa"],"translation":{"provider":"WPGlobus","version":"3.0.2","language":"es","enabled_languages":["en","es"],"languages":{"en":{"title":true,"content":true,"excerpt":false},"es":{"title":true,"content":true,"excerpt":false}}},"aioseo_notices":[],"jetpack_publicize_connections":[],"jetpack_featured_media_url":"https:\/\/i0.wp.com\/workersvoiceus.org\/wp-content\/uploads\/2023\/05\/Abel-Fattah-Burhan.jpeg?fit=1536%2C864&ssl=1","jetpack_likes_enabled":true,"jetpack_sharing_enabled":true,"jetpack_shortlink":"https:\/\/wp.me\/pdQxqk-4vj","amp_enabled":true,"_links":{"self":[{"href":"https:\/\/workersvoiceus.org\/es\/wp-json\/wp\/v2\/posts\/17317","targetHints":{"allow":["GET"]}}],"collection":[{"href":"https:\/\/workersvoiceus.org\/es\/wp-json\/wp\/v2\/posts"}],"about":[{"href":"https:\/\/workersvoiceus.org\/es\/wp-json\/wp\/v2\/types\/post"}],"author":[{"embeddable":true,"href":"https:\/\/workersvoiceus.org\/es\/wp-json\/wp\/v2\/users\/13882115"}],"replies":[{"embeddable":true,"href":"https:\/\/workersvoiceus.org\/es\/wp-json\/wp\/v2\/comments?post=17317"}],"version-history":[{"count":7,"href":"https:\/\/workersvoiceus.org\/es\/wp-json\/wp\/v2\/posts\/17317\/revisions"}],"predecessor-version":[{"id":17337,"href":"https:\/\/workersvoiceus.org\/es\/wp-json\/wp\/v2\/posts\/17317\/revisions\/17337"}],"wp:featuredmedia":[{"embeddable":true,"href":"https:\/\/workersvoiceus.org\/es\/wp-json\/wp\/v2\/media\/17319"}],"wp:attachment":[{"href":"https:\/\/workersvoiceus.org\/es\/wp-json\/wp\/v2\/media?parent=17317"}],"wp:term":[{"taxonomy":"category","embeddable":true,"href":"https:\/\/workersvoiceus.org\/es\/wp-json\/wp\/v2\/categories?post=17317"},{"taxonomy":"post_tag","embeddable":true,"href":"https:\/\/workersvoiceus.org\/es\/wp-json\/wp\/v2\/tags?post=17317"}],"curies":[{"name":"wp","href":"https:\/\/api.w.org\/{rel}","templated":true}]}}