{"id":16590,"date":"2021-07-12T17:41:45","date_gmt":"2021-07-12T21:41:45","guid":{"rendered":"https:\/\/workersvoiceus.org\/2021\/07\/12\/comunistas-a-call-for-the-freedom-of-detainees-in-cuba-2\/"},"modified":"2021-07-12T17:41:45","modified_gmt":"2021-07-12T21:41:45","slug":"comunistas-a-call-for-the-freedom-of-detainees-in-cuba-2","status":"publish","type":"post","link":"https:\/\/workersvoiceus.org\/es\/2021\/07\/12\/comunistas-a-call-for-the-freedom-of-detainees-in-cuba-2\/","title":{"rendered":"Comunistas: A call for the freedom of detainees in Cuba"},"content":{"rendered":"\n<div class=\"wp-block-image\"><figure class=\"aligncenter size-full\"><a href=\"https:\/\/i0.wp.com\/socialistresurgence.org\/wp-content\/uploads\/2021\/07\/Cuba_Protest_Ismael-Francisco-AP.jpeg?ssl=1\"><img data-recalc-dims=\"1\" decoding=\"async\" src=\"https:\/\/i0.wp.com\/workersvoiceus.org\/wp-content\/uploads\/2021\/07\/Cuba_Protest_Ismael-Francisco-AP.jpeg?w=723&#038;ssl=1\" alt=\"\" class=\"wp-image-21027\"\/><\/a><\/figure><\/div>\n\n\n\n<p class=\"wp-block-paragraph\"><em>The following statement is reprinted from the Cuban blog Comunistas (July 11). The editors are calling for solidarity for activists who were arrested by the Cuban government following the street protests in towns and cities throughout the island on the weekend of July 10-11. The blog notes that \u201cnot all members of the editorial collective of Comunistas Blog subscribe to this communication.\u201d The text below is translated from the Spanish<\/em>.<\/p>\n\n\n\n<p class=\"wp-block-paragraph\">In the demonstrations this afternoon [July 11] in Havana, Frank Garc\u00eda Hern\u00e1ndez, among other members of the Cuban left, was arrested.<\/p>\n\n\n\n<p class=\"wp-block-paragraph\">This afternoon the Cuban people took to the streets.&nbsp;A people that was not summoned by any organization other than the acute economic crisis facing Cuba and the government&#8217;s inability to handle the situation.&nbsp;Cuba took to the streets with the wrong slogan, &#8220;Homeland and life,&#8221; but it took to the streets beyond a slogan; it came out to demand true socialism from the government.&nbsp;Those who were in the streets were not only artists and intellectuals, this time it was the town in its broadest heterogeneity.<\/p>\n\n\n\n<div class=\"wp-block-image\"><figure class=\"alignright size-full is-resized\"><a href=\"https:\/\/i0.wp.com\/socialistresurgence.org\/wp-content\/uploads\/2021\/07\/Frank-Garcia-Hernandez-book-shop.jpeg?ssl=1\"><img data-recalc-dims=\"1\" loading=\"lazy\" decoding=\"async\" src=\"https:\/\/i0.wp.com\/workersvoiceus.org\/wp-content\/uploads\/2021\/07\/Frank-Garcia-Hernandez-book-shop.jpeg?resize=343%2C257&#038;ssl=1\" alt=\"\" class=\"wp-image-21044\" width=\"343\" height=\"257\"\/><\/a><figcaption>Frank Garc\u00eda Hern\u00e1ndez.<\/figcaption><\/figure><\/div>\n\n\n\n<p class=\"wp-block-paragraph\">This note from the<em> Comunistas<\/em> blog does not seek to analyze the situation in Cuba.&nbsp;It seeks to denounce the violent detention of the protesters, to denounce the fact that this time the repressive forces of the State put themselves in the opposite place, that they repressed Cubans, that they used pepper spray and all available resources.&nbsp;This note is a claim for the freedom of all those detained and especially for the arbitrary detention of Frank Garc\u00eda Hern\u00e1ndez, a Cuban historian and Marxist.&nbsp;For the arrest of Leonardo Romero Negr\u00edn, a young socialist physics student at the University of Havana.&nbsp;For the arrest of Maykel Gonz\u00e1lez Vivero, director of <em>Tremenda Nota<\/em>, a fringe magazine.&nbsp;For the arrest of Marcos Antonio P\u00e9rez Fern\u00e1ndez, a minor, a high school student.&nbsp;For all those violently detained on this black afternoon that Cuba will not forget.<\/p>\n\n\n\n<p class=\"wp-block-paragraph\">Comunistas appeals to the solidarity of the international Marxist community and also to the conscience of the Cuban government.&nbsp;This time it is about a people that needs answers and dialogue.<\/p>\n\n\n\n<p class=\"wp-block-paragraph\">It is about a civil society that does not want annexation, but rather to participate and decide the fate of its nation.&nbsp;<em>Comunistas<\/em> blog condemns the repression and says \u201cthat\u2019s enough\u201d to the bureaucracy.<\/p>\n\n\n\n<p class=\"wp-block-paragraph\"><em><strong>Read the original article:<\/strong><\/em><\/p>\n\n\n\n<p class=\"wp-block-paragraph\"><strong><a href=\"https:\/\/www.comunistascuba.org\/2021\/07\/reclamo-por-la-libertad-de-los.html\">&nbsp;11, 2021<\/a><em><a href=\"https:\/\/www.comunistascuba.org\/2021\/07\/reclamo-por-la-libertad-de-los.html\">https:\/\/www.comunistascuba.org\/2021\/07\/reclamo-por-la-libertad-de-los.html<\/a><\/em><\/strong><\/p>\n\n\n\n<p class=\"wp-block-paragraph\"><em>Top photo: July 11 protest in Havana. (Ismael Francisco \/ AP)<\/em><\/p>\n","protected":false},"excerpt":{"rendered":"<p>The following statement is reprinted from the Cuban blog Comunistas (July 11). The editors are calling for solidarity for activists who were arrested by the Cuban government following the street protests in towns and cities throughout the island on the weekend of July 10-11. The blog notes that \u201cnot all members of the editorial collective [&hellip;]<\/p>\n","protected":false},"author":13882114,"featured_media":15604,"comment_status":"open","ping_status":"open","sticky":false,"template":"","format":"standard","meta":{"_crdt_document":"","_jetpack_newsletter_access":"","_jetpack_dont_email_post_to_subs":false,"_jetpack_newsletter_tier_id":0,"_jetpack_memberships_contains_paywalled_content":false,"_jetpack_memberships_contains_paid_content":false,"footnotes":"","jetpack_publicize_message":"","jetpack_publicize_feature_enabled":true,"jetpack_social_post_already_shared":true,"jetpack_social_options":{"image_generator_settings":{"template":"highway","default_image_id":0,"font":"","enabled":false},"version":2},"_wpas_customize_per_network":false,"jetpack_post_was_ever_published":false},"categories":[27637],"tags":[30512,27902],"class_list":["post-16590","post","type-post","status-publish","format-standard","has-post-thumbnail","hentry","category-latin-america","tag-comunistas","tag-cuba"],"translation":{"provider":"WPGlobus","version":"3.0.2","language":"es","enabled_languages":["en","es"],"languages":{"en":{"title":true,"content":true,"excerpt":false},"es":{"title":false,"content":false,"excerpt":false}}},"aioseo_notices":[],"jetpack_publicize_connections":[],"jetpack_featured_media_url":"https:\/\/i0.wp.com\/workersvoiceus.org\/wp-content\/uploads\/2021\/07\/Cuba_Protest_Ismael-Francisco-AP.jpeg?fit=768%2C492&ssl=1","jetpack_likes_enabled":true,"jetpack_sharing_enabled":true,"jetpack_shortlink":"https:\/\/wp.me\/pdQxqk-4jA","amp_enabled":true,"_links":{"self":[{"href":"https:\/\/workersvoiceus.org\/es\/wp-json\/wp\/v2\/posts\/16590","targetHints":{"allow":["GET"]}}],"collection":[{"href":"https:\/\/workersvoiceus.org\/es\/wp-json\/wp\/v2\/posts"}],"about":[{"href":"https:\/\/workersvoiceus.org\/es\/wp-json\/wp\/v2\/types\/post"}],"author":[{"embeddable":true,"href":"https:\/\/workersvoiceus.org\/es\/wp-json\/wp\/v2\/users\/13882114"}],"replies":[{"embeddable":true,"href":"https:\/\/workersvoiceus.org\/es\/wp-json\/wp\/v2\/comments?post=16590"}],"version-history":[{"count":0,"href":"https:\/\/workersvoiceus.org\/es\/wp-json\/wp\/v2\/posts\/16590\/revisions"}],"wp:featuredmedia":[{"embeddable":true,"href":"https:\/\/workersvoiceus.org\/es\/wp-json\/wp\/v2\/media\/15604"}],"wp:attachment":[{"href":"https:\/\/workersvoiceus.org\/es\/wp-json\/wp\/v2\/media?parent=16590"}],"wp:term":[{"taxonomy":"category","embeddable":true,"href":"https:\/\/workersvoiceus.org\/es\/wp-json\/wp\/v2\/categories?post=16590"},{"taxonomy":"post_tag","embeddable":true,"href":"https:\/\/workersvoiceus.org\/es\/wp-json\/wp\/v2\/tags?post=16590"}],"curies":[{"name":"wp","href":"https:\/\/api.w.org\/{rel}","templated":true}]}}