{"id":16502,"date":"2021-02-13T14:55:23","date_gmt":"2021-02-13T19:55:23","guid":{"rendered":"https:\/\/workersvoiceus.org\/2021\/02\/13\/international-appeal-for-the-immediate-release-of-all-political-prisoners-in-russia\/"},"modified":"2021-02-13T14:55:23","modified_gmt":"2021-02-13T19:55:23","slug":"international-appeal-for-the-immediate-release-of-all-political-prisoners-in-russia","status":"publish","type":"post","link":"https:\/\/workersvoiceus.org\/es\/2021\/02\/13\/international-appeal-for-the-immediate-release-of-all-political-prisoners-in-russia\/","title":{"rendered":"International appeal for the immediate release of all political prisoners in Russia"},"content":{"rendered":"\n<div class=\"wp-block-image\"><figure class=\"aligncenter size-large\"><a href=\"https:\/\/i0.wp.com\/socialistresurgence.org\/wp-content\/uploads\/2021\/02\/zlock-up.jpg?ssl=1\"><img data-recalc-dims=\"1\" decoding=\"async\" src=\"https:\/\/i0.wp.com\/workersvoiceus.org\/wp-content\/uploads\/2021\/02\/zlock-up.jpg?w=723&#038;ssl=1\" alt=\"\" class=\"wp-image-19844\"\/><\/a><\/figure><\/div>\n\n\n\n<p class=\"has-text-align-right wp-block-paragraph\">Tuesday 9 February 2021<\/p>\n\n\n\n<p class=\"has-vivid-red-color has-text-color wp-block-paragraph\">This urgent appeal was written in collaboration with activists and intellectuals living in Russia.<\/p>\n\n\n\n<p class=\"has-vivid-red-color has-text-color wp-block-paragraph\">Would you be willing to sign it? Please send to the address given, with the information requested. (After the list of signatures.)<\/p>\n\n\n\n<p class=\"wp-block-paragraph\">At the end of January 2021, a wave of mass protests swept through all of Russia\u2019s major cities. The occasion for these protests was the arrest of opposition leader Alexei Navalny, but the genuine cause was the enormous social inequality and political disenfranchisement prevailing in the country. Not all of those who took to the streets were supporters of Navalny, but they were all united by a desire for social and political change and a fatigue with the corrupt, authoritarian regime ruling Russia today.<\/p>\n\n\n\n<div class=\"wp-block-image\"><figure class=\"alignright size-large is-resized\"><a href=\"https:\/\/i0.wp.com\/socialistresurgence.org\/wp-content\/uploads\/2021\/02\/Navalny-Michal-Siergiejevicz.jpg?ssl=1\"><img data-recalc-dims=\"1\" loading=\"lazy\" decoding=\"async\" src=\"https:\/\/i0.wp.com\/workersvoiceus.org\/wp-content\/uploads\/2021\/02\/Navalny-Michal-Siergiejevicz.jpg?resize=395%2C296&#038;ssl=1\" alt=\"\" class=\"wp-image-19835\" width=\"395\" height=\"296\"\/><\/a><figcaption><em>Alexei Navalny (Photo: Michal Siergiejevicz)<\/em><\/figcaption><\/figure><\/div>\n\n\n\n<p class=\"wp-block-paragraph\">Peaceful protesters faced unprecedented (even for Putin\u2019s Russia) police brutality: in a few days, over 10,000 people were arrested, many of them beaten on arrest. A climate of fear was created in the country: students who participated in the rallies have been expelled from universities, teachers who sympathized with them have lost their jobs, and school students have been intimidated for voicing their political stance.<\/p>\n\n\n\n<p class=\"wp-block-paragraph\">While we disagree with Navalny\u2019s pro-capitalist orientation, which on this point is not different from that of Putin\u2019s regime and represents no real social and democratic alternative, we demand the immediate release of Alexei Navalny and all political prisoners, and stand in solidarity with all those in Russia who are fighting for social and environmental justice and fundamental democratic rights.<\/p>\n\n\n\n<p class=\"wp-block-paragraph\"><strong>Argentina<\/strong><br>Nicol\u00e1s del Ca\u00f1o, Deputy PTS\/FIT<br>Myriam Bregman, Deputy PTS\/FIT<br>Mart\u00edn Mosquera, Professor at the University of Buenos Aires &amp; editor, Jacobin Latin America&nbsp;<a href=\"https:\/\/jacobinlat.com\/\">https:\/\/jacobinlat.com\/<\/a><br>Nora Ciapponi, militante, candidate in 1973 as vice president of the Nation for el Partido Socialista de los Trabajadores.<br>Eduardo Lucita, Economistas de Izquierda (EDI)<\/p>\n\n\n\n<p class=\"wp-block-paragraph\"><strong>Australia<\/strong><br>Federico Fuentes, journalist<br>Mick Armstrong, Socialist Alternative<br>Susan Engel, Associate Professor, Politics &amp; International Studies<\/p>\n\n\n\n<p class=\"wp-block-paragraph\"><strong>Belgium<\/strong><br>Yannis Thanassekos, ex-director of Fondation Auschwitz (1983-2010)<br>Eric Toussaint, PhD University Li\u00e8ge and Paris VIII, spokesperson CADTM international<br>Mateo Alaluf, Sociologue, professeur \u00e9m\u00e9rite de l\u2019Universit\u00e9 Libre de Bruxelles ULB<br>Corinne Gobin, Professeure \u00e0 l\u2019Universit\u00e9 libre de Bruxelles<br>Lucien Perpette, ex shop steward FGTB metal, militant IV International<br>Christine Pagnoulle, Universit\u00e9 de Li\u00e8ge, ATTAC Li\u00e8ge<br>Jean-Marie Chauvier, journalist, ex permanent correspondant Drapeau Rouge (Red Flag) in Moscow<br>Jean Delval, Editions du Cerisier<br>Dani\u00e8le Ricaille, Editions du Cerisier<br>Mauro Gasparini, Gauche anticapitaliste \u2013 SAP<br>Bernard Duterme, director CETRI &#8211; Centre tricontinental<br>Willy Estersohn, ex-journalist<\/p>\n\n\n\n<p class=\"wp-block-paragraph\"><strong>Brazil<\/strong><br>Fernanda Melchionna, Federal Deputy of the PSOL Rio Grande do Sul<br>Roberto Robaina, Member of Municipal Council\/Vereador of Porto Alegre\/Brazil, National Direction of PSOL<br>Gustavo Seferian, Professor at the Federal University of Minas Gerais. Director of ANDES-SN<br>Israel Dutra, responsible for international relations of the PSOL<br>S\u00e2mia Bomfim &#8211; federal diputada PSOL S\u00e3o Paulo<br>Vivi Reis &#8211; federal diputated PSOL Par\u00e1<br>David Miranda &#8211; federal diputate PSOL Rio de Janeiro<br>Luciana Genro &#8211; PSOL state diputada Rio Grande do Sul<br>M\u00f4nica Seixas &#8211; PSOL S\u00e3o Paulo state owned company<br>Sandro Pimentel &#8211; PSOL Rio Grande do Norte state diputado<br>F\u00e1bio F\u00e9lix &#8211; PSOL district diputado Distrito Federal<br>Luana Alves &#8211; concejala PSOL S\u00e3o Paulo\/SP<br>Mariana Conti &#8211; concejala PSOL Campinas SP<br>Josemar Carvalho &#8211; concejal PSOL Saint Gon\u00e7alo\/RJ<br>Jurandir Silva &#8211; concejal PSOL Pelotas\/RS<br>Max Costa &#8211; Secretary of Human Rights of Bel\u00e9m\/PA<br>Mariana Riscali &#8211; National Secretariat of Finance of PSOL<br>Zeneide Lima &#8211; National PSOL Executive<br>Leandro Recife &#8211; National PSOL Executive<br>Pedro Fuentes &#8211; International PSOL Observatory<br>Bruno Magalh\u00e3es &#8211; International PSOL Observatory<br>Danilo Serafim &#8211; Union of Educators and Professionals of Education of Rio de Janeiro (SEPE\/RJ)<br>Paulo Neves &#8211; State Union of Teachers of S\u00e3o Paulo (APEOESP)<br>Ana Borguin &#8211; Union of Metroviarios of S\u00e3o Paulo<br>Luan Badia &#8211; Federation of University Workers (FASUBRA)<br>Camila Souza &#8211; Youth Movement Together!<br>Maur\u00edcio Costa &#8211; Red Emancipa de Educaci\u00f3n Popular<br>Nathalie Drumond &#8211; Movimiento de Mujeres Juntas!<br>Paula Kaufmann -Movimiento de Mujeres Juntas!<br>Tiago Aguiar &#8211; Editor of the Movement Magazine<\/p>\n\n\n\n<p class=\"wp-block-paragraph\"><strong>Britain<\/strong><br>Julie Ward, National Committee member Another Europe Is Possible &amp; Former Labour Member of European Parliament<br>Costas Lapavitsas, University of London<br>Tariq Ali, writer<br>Gilbert Achcar, Professor, SOAS, University of London<br>Michael Roberts, marxist economist,&nbsp;<a href=\"https:\/\/thenextrecession.wordpress.com\/\">https:\/\/thenextrecession.wordpress.com\/<\/a><br>Alex Callinicos, Emeritus Professor of European Studies, King\u2019s College London<br>Dr Neil Faulkner FSA, Archaeologist and Historian<br>Simon Pearson, Anti-capitalist Resistance<br>Mike Phipps, member of the editorial board of labourbriefing.org<br>Andrew Kilmister, Editor, Journal of Contemporary Central and Eastern Europe<\/p>\n\n\n\n<p class=\"wp-block-paragraph\"><strong>Canada<\/strong><br>Michael A. Lebowitz, Professor Emeritus of Economics, Simon Fraser University<br>David Mandel, professor, Universit\u00e9 du Qu\u00e9bec \u00e0 Montr\u00e9al<br>M V Ramana, Professor, University of British Columbia.<br>Haideh Moghissi, Emerita Professor of Sociology, York University, Toronto<br>Saeed Rahnema, Professor (retired) Political Science and Public Policy, York University<br>Ronald Cameron, Plateforme altermondialiste<\/p>\n\n\n\n<p class=\"wp-block-paragraph\"><strong>Croatia<\/strong><br>Srecko Horvat, Diem25<br>Dimitrije Birac, Subversive Festival, Zagreb.<\/p>\n\n\n\n<p class=\"wp-block-paragraph\"><strong>Ecuador<\/strong><br>Fernando L\u00f3pez Romero, Movimiento Revolucionario de los Trabajadores -Ecuador \u2013MRT<br>Carlos Rojas, MRT<\/p>\n\n\n\n<p class=\"wp-block-paragraph\"><strong>France<\/strong><br>G\u00e9rard Chaouat, immunologist, Ensemble<br>Patrick Silberstein, \u00c9diteur, Editions Syllepse<br>Pierre Cours-Salies, Sociologue. Professeur \u00e9m\u00e9rite, membre d\u2019Ensemble !<br>Pierre Rousset, Europe solidaire sans fronti\u00e8res (ESSF)<br>Franck Gaudichaud, Professeur des universit\u00e9s, Universit\u00e9 Toulouse Jean Jaur\u00e8s<br>Christine Poupin, porte-parole du Nouveau Parti Anticapitaliste<br>Karine Cl\u00e9ment, Sociologue, CNRS<br>Catherine Samary, \u00e9conomiste altermondialiste, IV Internationale<br>Serle Le Qu\u00e9au, syndicaliste<br>Olivier Besancenot, NPA<br>Jan Malewski, Responsable de la r\u00e9daction d\u2019Inprecor,&nbsp;<a href=\"http:\/\/www.inprecor.fr\/\">http:\/\/www.inprecor.fr<\/a><br>Josette Trat, Sociologue f\u00e9ministe<br>Claude Calame, Directeur d\u2019\u00e9tudes Ecole des Hautes Etudes en Sciences Sociales, Paris<br>Penelope Duggan, International Viewpoint, IV Internationale,&nbsp;<a href=\"https:\/\/internationalviewpoint.org\/\">https:\/\/internationalviewpoint.org\/<\/a><br>Mich\u00e8le Leclerc-Olive, chercheure CNRS (retrait\u00e9e) et Pr\u00e9sidente de CIBELE<br>Bruno Della Sudda, autogestionnaire et altermondialiste, ex-conseiller municipal de Nice \u2013 Ensemble!<br>Didier Epsztajn, animateur du blog \u00ab entre les lignes entre les mots \u00bb<br>Stefan Bekier, interpr\u00e8te de conf\u00e9rence, membre de la Commission internationale d\u2019Ensemble!<br>Christian Mahieux, syndicaliste SUD-Rail |Union syndicale Solidaires], \u00e9diteur (Syllepse)<br>Henri Merm\u00e9, coordinateur de la commission internationale d\u2019Ensemble !<br>Nicole Abravanel, historienne<br>Gustave Massiah, fondateur du CEDETIM<br>Christophe Aguiton, militant altermondialiste, ex secr\u00e9taire g\u00e9n\u00e9ral d\u2019ATTAC<br>Gilles Manceron, historien<br>Martine Boudet didacticienne, membre du Conseil scientifique d\u2019Attac France<br>Daniel Guerrier, \u00e9diteur des Editions Spartacus<br>Pedro Vianna, po\u00e8te, homme de th\u00e9\u00e2tre, enseignant universitaire<br>Marie-Claude Herboux, Militante d\u2019Ensemble!<br>Ugo Palheta, membre de la r\u00e9daction de la revue Contretemps, membre IV internationale<br>L\u00e9on Cr\u00e9mieux, IV Internationale<br>Patrick Farbiaz, PEPS &#8211; Pour une Ecologie Populaire et Sociale<br>B\u00e9n\u00e9dicte Monville, PEPS &#8211; Conseillere r\u00e9gionale<br>Sergio Coronado, PEPS, ancien d\u00e9put\u00e9<br>Jean Malifaud, Syndicaliste SNESUP-FSU<br>Hubert Krivine, physicien<br>Monique Dental, Pr\u00e9sidente R\u00e9seau F\u00e9ministe \u00ab Ruptures \u00bb<br>Alexis Cukier, Philosophe, Attac, CGT Ferc Sup<br>Nicole Fouch\u00e9, Vice-pr\u00e9sidente de REFH<br>Jef Pellissier, Porte-parole d\u2019Ensemble!<br>Pierre Khalfa, Fondation Copernic<br>Evelyne Perrin, syndicaliste<br>G\u00e9rard Filoche, porte-parole de la Gauche d\u00e9mocratique et sociale<br>Eric Thouzeau, conseiller r\u00e9gional GDS des Pays de la Loire<br>Frank Mintz, anarchosyndicaliste, CNT-Solidarit\u00e9 ouvri\u00e8re<br>Andr\u00e9 Rosev\u00e8gue, Militant girondin multicarte<br>Yves Quintal, associatif enseignant membre d\u2019Ensemble<br>Antoine P\u00e9card<br>Roland M\u00e9rieux, Commission internationale d\u2019Ensemble!<br>J-F Pellissier, Porte-parole d\u2019ENSEMBLE!<\/p>\n\n\n\n<p class=\"wp-block-paragraph\"><strong>Germany<\/strong><br>Loren Balhorn, Editor, Jacobin.DE<br>Jakob Sch\u00e4fer, ISO, Fourth International<\/p>\n\n\n\n<p class=\"wp-block-paragraph\"><strong>Greece<\/strong><br>Antonis Ntavanelos, DEA<br>Yorgos Mitralias, Journalist<br>Tassos Anastassiadis, journalist, Magazine &#8220;4&#8221; &amp; Synantissi (for an Anticapitalist Internationalist Left)&nbsp;<a href=\"https:\/\/tpt4.org\/\">https:\/\/tpt4.org\/<\/a><\/p>\n\n\n\n<p class=\"wp-block-paragraph\"><strong>Italy<\/strong><br>Roberto Savio, Othernews<\/p>\n\n\n\n<p class=\"wp-block-paragraph\"><strong>India<\/strong><br>Achin Vanaik, Retired Professor, University of Delhi<br>Kunal Chattopadhyay, Professor of Comparative Literature and Russian\/ Soviet History specialist, Jadavpur University<br>Shalmali Guttal, Focus on the Global South<br>Sushovan Dhar, CADTM-India<br>Soumya Sahin, Associate Professor of Economics, The WB National University of Juridical Sciences, Kolkata<br>Pratip Nag, Radical Socialist, IV International<br>Manoj Bhattacharya, General Secretary, Revolutionary Socialist Party (RSP), former member of parliament<\/p>\n\n\n\n<p class=\"wp-block-paragraph\"><strong>Ireland<\/strong><br>Paul Murphy, TD, Member of the Irish parliament, RISE,&nbsp;<a href=\"http:\/\/www.letusrise.ie\/\">www.letusrise.ie<\/a><\/p>\n\n\n\n<p class=\"wp-block-paragraph\"><strong>Japan<\/strong><br>Tsutomu Teramoto, ATTAC Japan<\/p>\n\n\n\n<p class=\"wp-block-paragraph\"><strong>Kenya<\/strong><br>David Otieno, Kenyan Peasants League<\/p>\n\n\n\n<p class=\"wp-block-paragraph\"><strong>Luxemburg<\/strong><br>Justin Turpel, ancien d\u00e9put\u00e9 Dei Lenk-La Gauche<br>David Wagner, D\u00e9put\u00e9 de d\u00e9i L\u00e9nk &#8211; La Gauche<\/p>\n\n\n\n<p class=\"wp-block-paragraph\"><strong>Martinique<\/strong><br>Philippe Pierre Charles, Groupe R\u00e9volution Socialiste, IV internationale<br>Rita Bonheur pr\u00e9sidente de l\u2019union des femmes de la Martinique<br>Gilbert Pago, historien<\/p>\n\n\n\n<p class=\"wp-block-paragraph\"><strong>Morocco<\/strong><br>Aziz Rhali, Forum Social Mondial de la sant\u00e9 et de la s\u00e9curit\u00e9 sociale<br>Omar Aziki, ATTAC-CADTM Maroc, membre du Secr\u00e9tariat international partag\u00e9 du CADTM<br>Fatima Zahra EL Belghiti, Secr\u00e9taire g\u00e9n\u00e9rale d\u2019Attac-Cadtm Maroc, membre du Secr\u00e9tariat international partag\u00e9 du CADTM<\/p>\n\n\n\n<p class=\"wp-block-paragraph\"><strong>Netherlands<\/strong><br>Alex de Jong, co-director IIRE&nbsp;<a href=\"http:\/\/www.iire.org\/\">www.iire.org<\/a><\/p>\n\n\n\n<p class=\"wp-block-paragraph\"><strong>M\u00e9xico<\/strong><br>Edgard S\u00e1nchez, Partido Revolucionario de los Trabajadores (PRT)<br>Pedro Manuel Acosta Granado, Investigador de Ciencias M\u00e9dicas, PRT, Ciencia para el Pueblo<br>Jos\u00e9 Luis Hern\u00e1ndez Ayala, Coordinadora Socialista Revolucionaria de M\u00e9xico<\/p>\n\n\n\n<p class=\"wp-block-paragraph\"><strong>Poland<\/strong><br>Stefan Zgliczy\u0144ski, director,&#8221;Le Monde diplomatique (Poland)<br>Roland Zarzycki, profesor university<\/p>\n\n\n\n<p class=\"wp-block-paragraph\"><strong>Philippines<\/strong><br>Walden Bello, PhD Adjunct Professor of Sociology State University of New York at Binghamton<\/p>\n\n\n\n<p class=\"wp-block-paragraph\"><strong>Puerto Rico<\/strong><br>Rafael Bernabe, Senador en el gobierno de Puerto Rico<br>Antonio Garcia Padilla, former president of University of Puerto Rico<br>Jorge E Lefevre Tav\u00e1rez, Democracia Socialista<br>Manuel A Rodriguez Banchs, abogado<\/p>\n\n\n\n<p class=\"wp-block-paragraph\"><strong>Serbia<\/strong><br>Aleksandar Matkovi\u0107, Institute for Economic Sciences, Belgrade<br><strong>Senegal<\/strong><br>Mamadou Mignane Diouf, Coordonnateur du Forum social s\u00e9n\u00e9galais Dakar<\/p>\n\n\n\n<p class=\"wp-block-paragraph\"><strong>South Africa<\/strong><br>Brian Ashley, AIDC &amp; editor Amandla magazine<br>Patrick Bond, Professor, University of the Western Cape School of Government<br>Charles Abrahams, Lawyer<\/p>\n\n\n\n<p class=\"wp-block-paragraph\"><strong>Spanish State<\/strong><br>Miguel Urban, Member of the European Parliament, member of Anticapitalistas in the Spanish State, Fourth International<br>Manuel Gari, Economist Ecosocialist<br>Ra\u00fal Camargo, Anticapitalistas<br>Jesus Uzkudun Illarramendi, Sindicalista y miembro de ASVIAMIE (Asociaci\u00f3n de victimas del Amianto) Pa\u00eds Vasco<br>Alfons Bech, sindicalista de Comisiones Obreras, CCOO<br>Jordi Armadans, director FundiPau<br>Teresa Rodr\u00edguez Rubio, diputada en el Parlamento de Andaluc\u00eda<br>Jos\u00e9 Ignacio Garc\u00eda S\u00e1nchez, diputado en el Parlamento de Andaluc\u00eda<br>\u00c1ngela Aguilera Clavija, diputada en el Parlamento de Andaluc\u00eda<br>Concejales:<br>Leonor Rodr\u00edguez Salcedo, concejala Adelante Algeciras<br>David Rodr\u00edguez Alhambra, concejal de Sanl\u00facar de Barrameda<\/p>\n\n\n\n<p class=\"wp-block-paragraph\"><strong>Sri Lanka<\/strong><br>Dharmasiri Lankapeli, Federation of Media Employees\u2019 Trade Unions<br>Linus Jayatilake, United Federation of Labour<br>Niel Wijethilake, Left Voice, Fourth International<\/p>\n\n\n\n<p class=\"wp-block-paragraph\"><strong>Sweden<\/strong><br>Andreas Malm, Associate professor in human ecology<br>Kjell \u00d6stberg, Professor in Contemporary History, S\u00f6dert\u00f6rn University<br>Lars Henriksson, Auto worker and trade unionist<br>Eva Nikell, specialist in human rights<\/p>\n\n\n\n<p class=\"wp-block-paragraph\"><strong>Switzerland<\/strong><br>St\u00e9fanie Prezioso, Conseill\u00e8re nationale (MP), Ensemble \u00e0 Gauche<br>S\u00e9bastien Bertrand, Solidarit\u00e9S<br>Paolo Gilardi, historien &amp; militant<br>Charles-Andr\u00e9 Udry,&nbsp;<a href=\"https:\/\/alencontre.org\/\">https:\/\/alencontre.org\/<\/a><br>Jocelyne Haller, d\u00e9put\u00e9e au Grand conseil genevois, Ensemble \u00e0 Gauche- solidarit\u00e9S)<br>Juan Tortosa, CADTM Suisse<\/p>\n\n\n\n<p class=\"wp-block-paragraph\"><strong>Tunisia<\/strong><br>Ahlem Belhadj, p\u00e9dopsychiatre &amp; f\u00e9ministe<br>Olfa Lamloum, chercheur<\/p>\n\n\n\n<p class=\"wp-block-paragraph\"><strong>USA<\/strong><br>Noam Chomsky, Professor (emeritus) MIT; Professor U. of Arizona<br>Suzi Weissman, Professor of Politics Saint Mary\u2019s College of California<br>Robert Brenner, professor emeritus of history and director of the Center for Social Theory and Comparative History at UCLA (California)<br>Vivek Chibber, Professor of sociology at New York University &amp; Editor, Catalyst : A Journal of Theory and Strategy<br>Enzo Traverso, historian &amp; Susan and Barton Winokur Professor in the Humanities, Cornell University.<br>Jeff Mackler National Secretary Socialist Action; Steering Committee Assangedefense.org<br>Todd Chretien, editor, No Borders News<br>Paul Le Blanc, Professor of History, La Roche University, Pittsburgh, PA<br>David Adler, Progressive International<br>John Leslie, National Committee, Socialist Resurgence US<br>Dan Piper Socialist Resurgence US Candidate for State Representative, Connecticut)<br>Dianne Feeley, labor activist (UAW Local 235)<br>Ashley Smith, member of The Democratic Socialists of America and National Writers Union<br>Dan La Botz, writer<br>Frieda Afary, Producer of Iranian Progressives in Translation<br>Nancy Holmstrom, Professor of Philosophy Emerita, Rutgers University &#8211; Newark<br>Peter Hudis, Professor of Philosophy and Humanities at Oakton Community College<br>Kevin Anderson, Professor of Sociology, University of California, Santa Barbara<br>Danny Postel, Member, Internationalism from Below<br>Howie Hawkins, Presidential candidate for Green Party, 2020<br>Margaret Guttshall, National Writers Union (NWU)<br>Wayne Heimbach, Retired Trade Union Representative<br>Samuel Farber, Professor Emeritus of Political Science, Brooklyn College of CUNY.<br>Alan Wald, H. Chandler Davis Collegiate Professor Emeritus, University of Michigan, Ann Arbor<br>Danny Postel, United States Member, Internationalism from Below<\/p>\n\n\n\n<p class=\"wp-block-paragraph\"><strong>Venezuela<\/strong><br>Stalin P\u00e9rez Borges, Liga Unitaria Chavista Socialista (LUCHAS)<\/p>\n\n\n\n<p class=\"wp-block-paragraph\"><strong>Organizations<\/strong><\/p>\n\n\n\n<p class=\"wp-block-paragraph\"><strong>Britain<\/strong><br>Anti*Capitalist Resistance&nbsp;<a href=\"https:\/\/www.anticapitalistresistance.org\/\">https:\/\/www.anticapitalistresistance.org\/<\/a><\/p>\n\n\n\n<p class=\"wp-block-paragraph\"><strong>France<\/strong><br>Le Nouveau Parti Anticapitaliste (NPA)<br>Europe solidaire sans fronti\u00e8res (ESSF)<br>Union syndicale Solidaires<br>ENSEMBLE! (Mouvement pour une Alternative de Gauche, Ecologiste et Solidaire)<\/p>\n\n\n\n<p class=\"wp-block-paragraph\"><strong>Morocco<\/strong><br>Courant Al Mounadil-a<\/p>\n\n\n\n<p class=\"wp-block-paragraph\"><strong>Mexico<\/strong><br>Partido Revolucionario de los Trabajadores, PRT<br>Coordinadora Socialista Revolucionaria de M\u00e9xico, CSR<\/p>\n\n\n\n<p class=\"wp-block-paragraph\"><strong>Spanish state<\/strong><br>Anticapitalistas, IV Internacional<\/p>\n\n\n\n<p class=\"wp-block-paragraph\"><strong>Switzerland<\/strong><br>Solidarit\u00e9S<\/p>\n\n\n\n<p class=\"wp-block-paragraph\"><strong>USA<\/strong><br>Socialist Action socialistaction.org<br>Solidarity&nbsp;<a href=\"https:\/\/solidarity-us.org\/\">https:\/\/solidarity-us.org\/<\/a><br>International Marxist-Humanist Organization&nbsp;<a href=\"http:\/\/www.imhjojournal.org\/\">www.imhjojournal.org<\/a><\/p>\n\n\n\n<p class=\"wp-block-paragraph\"><strong>Venezuela<\/strong><br>Liga Unitaria Chavista Socialista (LUCHAS)<\/p>\n\n\n\n<p class=\"wp-block-paragraph\"><strong>International<\/strong><br>Fourth International&nbsp;<a href=\"https:\/\/fourth.international\/en\">https:\/\/fourth.international\/en<\/a><\/p>\n\n\n\n<p class=\"wp-block-paragraph\"><strong>Please send your signature by email to polsolidaritycall@gmail.com<\/strong><\/p>\n\n\n\n<p class=\"wp-block-paragraph\">First name:<br>Name:<br>Country:<br>How I want to be presented on this appeal:<br>Email:<br>Name of organization if the organization is signing:<br>Organization\u2019s website:<\/p>\n\n\n\n<p class=\"wp-block-paragraph\"><\/p>\n","protected":false},"excerpt":{"rendered":"<p>Tuesday 9 February 2021 This urgent appeal was written in collaboration with activists and intellectuals living in Russia. Would you be willing to sign it? Please send to the address given, with the information requested. (After the list of signatures.) At the end of January 2021, a wave of mass protests swept through all of [&hellip;]<\/p>\n","protected":false},"author":13882114,"featured_media":15485,"comment_status":"open","ping_status":"open","sticky":false,"template":"","format":"standard","meta":{"_crdt_document":"","_jetpack_newsletter_access":"","_jetpack_dont_email_post_to_subs":false,"_jetpack_newsletter_tier_id":0,"_jetpack_memberships_contains_paywalled_content":false,"_jetpack_memberships_contains_paid_content":false,"footnotes":"","jetpack_publicize_message":"","jetpack_publicize_feature_enabled":true,"jetpack_social_post_already_shared":true,"jetpack_social_options":{"image_generator_settings":{"template":"highway","default_image_id":0,"font":"","enabled":false},"version":2},"_wpas_customize_per_network":false,"jetpack_post_was_ever_published":false},"categories":[30824,27646],"tags":[27933],"class_list":["post-16502","post","type-post","status-publish","format-standard","has-post-thumbnail","hentry","category-civil-liberties","category-europe","tag-russia"],"translation":{"provider":"WPGlobus","version":"3.0.2","language":"es","enabled_languages":["en","es"],"languages":{"en":{"title":true,"content":true,"excerpt":false},"es":{"title":false,"content":false,"excerpt":false}}},"aioseo_notices":[],"jetpack_publicize_connections":[],"jetpack_featured_media_url":"https:\/\/i0.wp.com\/workersvoiceus.org\/wp-content\/uploads\/2021\/02\/zlock-up.jpg?fit=650%2C389&ssl=1","jetpack_likes_enabled":true,"jetpack_sharing_enabled":true,"jetpack_shortlink":"https:\/\/wp.me\/pdQxqk-4ia","amp_enabled":true,"_links":{"self":[{"href":"https:\/\/workersvoiceus.org\/es\/wp-json\/wp\/v2\/posts\/16502","targetHints":{"allow":["GET"]}}],"collection":[{"href":"https:\/\/workersvoiceus.org\/es\/wp-json\/wp\/v2\/posts"}],"about":[{"href":"https:\/\/workersvoiceus.org\/es\/wp-json\/wp\/v2\/types\/post"}],"author":[{"embeddable":true,"href":"https:\/\/workersvoiceus.org\/es\/wp-json\/wp\/v2\/users\/13882114"}],"replies":[{"embeddable":true,"href":"https:\/\/workersvoiceus.org\/es\/wp-json\/wp\/v2\/comments?post=16502"}],"version-history":[{"count":0,"href":"https:\/\/workersvoiceus.org\/es\/wp-json\/wp\/v2\/posts\/16502\/revisions"}],"wp:featuredmedia":[{"embeddable":true,"href":"https:\/\/workersvoiceus.org\/es\/wp-json\/wp\/v2\/media\/15485"}],"wp:attachment":[{"href":"https:\/\/workersvoiceus.org\/es\/wp-json\/wp\/v2\/media?parent=16502"}],"wp:term":[{"taxonomy":"category","embeddable":true,"href":"https:\/\/workersvoiceus.org\/es\/wp-json\/wp\/v2\/categories?post=16502"},{"taxonomy":"post_tag","embeddable":true,"href":"https:\/\/workersvoiceus.org\/es\/wp-json\/wp\/v2\/tags?post=16502"}],"curies":[{"name":"wp","href":"https:\/\/api.w.org\/{rel}","templated":true}]}}