{"id":13290,"date":"2022-11-05T21:46:50","date_gmt":"2022-11-06T01:46:50","guid":{"rendered":"https:\/\/workersvoiceus.org\/?p=13290"},"modified":"2022-11-07T11:50:22","modified_gmt":"2022-11-07T16:50:22","slug":"cop27-hosted-by-egypts-dictator-abdel-fattah-el-sisi","status":"publish","type":"post","link":"https:\/\/workersvoiceus.org\/es\/2022\/11\/05\/cop27-hosted-by-egypts-dictator-abdel-fattah-el-sisi\/","title":{"rendered":"COP27: Acogida por el dictador de Egipto, Abdel Fattah El-Sisi"},"content":{"rendered":"<p style=\"text-align: center;\"><strong>Por LENA SOUZA<\/strong><\/p>\n<p>El agravamiento de la crisis clim\u00e1tica y los retrocesos en los compromisos de los pa\u00edses marcan la pauta para que la COP27 se celebre bajo la dictadura egipcia de El-Sisi.<\/p>\n<p>Una vez m\u00e1s, la Conferencia de las Naciones Unidas sobre el Cambio Clim\u00e1tico, que tendr\u00e1 lugar entre el 6 y el 18 de noviembre de 2022, presentar\u00e1 balances negativos de los objetivos necesarios para mantener el aumento global de las temperaturas en 1,5 grados cent\u00edgrados respecto al Acuerdo de Par\u00eds. Adem\u00e1s, tendr\u00e1 lugar en Egipto, un pa\u00eds gobernado por el dictador Abdel Fattah El-Sisi, que proh\u00edbe y criminaliza las reuniones y las protestas, bloquea el acceso a la informaci\u00f3n y detiene y asesina a los activistas, sin tener en cuenta ning\u00fan derecho humano.<\/p>\n<p><strong>Fracaso clim\u00e1tico y profundizaci\u00f3n de la crisis<\/strong><\/p>\n<p>El decimotercer informe sobre los compromisos actualizados de los pa\u00edses desde la COP26, celebrada en Glasgow en 2021, muestra un cambio insignificante entre las reducciones de emisiones que deber\u00edan esperarse hasta 2030 y lo que deber\u00eda limitar el calentamiento global por debajo de los 2 \u00b0C, preferiblemente 1,5 \u00b0C como se prev\u00e9 en el acuerdo de Par\u00eds. Seg\u00fan el informe, bas\u00e1ndose en las NDC, las llamadas contribuciones determinadas a nivel nacional, las pol\u00edticas que se aplican actualmente en todo el mundo apuntan a un aumento de la temperatura de 2,8 grados para finales de siglo.<\/p>\n<p>Hay una gran diferencia entre lo que los pa\u00edses se comprometen a reducir las emisiones de gases de efecto invernadero y lo que se necesita para evitar que la crisis clim\u00e1tica se agrave a\u00fan m\u00e1s. Y hay que tener en cuenta que, seg\u00fan los estudios sobre el tema, aunque se produjera un proceso de descarbonizaci\u00f3n, los gases de efecto invernadero ya presentes en la atm\u00f3sfera y las tendencias actuales de emisi\u00f3n tendr\u00edan impactos clim\u00e1ticos hasta 2040 [1].<\/p>\n<p>Seg\u00fan la cient\u00edfica y coautora del informe, Joana Portugal: &#8220;Tenemos una reducci\u00f3n de emisiones de menos de una gigatonelada, equivalente a un bill\u00f3n de toneladas de CO2, lo cual es un poco frustrante, porque por un lado, estamos viviendo una emergencia clim\u00e1tica al mismo tiempo que una pandemia, y ahora una gran crisis energ\u00e9tica debido a los conflictos en Europa. As\u00ed que, de hecho, quiz\u00e1s parezca que frente a otras emergencias que se han producido en la humanidad, la cuesti\u00f3n clim\u00e1tica es menos importante, cuando en realidad existe una gran correlaci\u00f3n entre todas las crisis y emergencias que estamos viviendo actualmente&#8221; [2].<\/p>\n<p>De hecho, la crisis provocada por la pandemia y por la invasi\u00f3n rusa de Ucrania dej\u00f3 de lado el calentamiento global, echando por tierra discursos como el de Biden, que durante su campa\u00f1a prometi\u00f3 aplicar una pol\u00edtica para acabar con la dependencia de los combustibles f\u00f3siles. Sin embargo, en realidad alent\u00f3 el aumento de la producci\u00f3n de las empresas de petr\u00f3leo y gas, utilizando como justificaci\u00f3n el aumento de los precios y la reducci\u00f3n del suministro por parte de Rusia. Varios pa\u00edses de la UE tambi\u00e9n est\u00e1n reactivando las plantas de carb\u00f3n y recurriendo a pa\u00edses africanos y otros como nuevos proveedores de gas.<\/p>\n<p>El argumento utilizado por Biden y los gobiernos europeos para invertir en petr\u00f3leo y gas e incluso en plantas de carb\u00f3n es que no hay otra salida. Sin embargo, un nuevo informe publicado por el Instituto Internacional para el Desarrollo Sostenible (IISD) afirma que &#8220;las inversiones previstas en nuevos yacimientos de petr\u00f3leo y gas para 2030 podr\u00edan financiar totalmente el aumento de la energ\u00eda e\u00f3lica y solar necesario para alcanzar el objetivo de limitar el calentamiento global a 1,5\u00b0&#8221; [3].<\/p>\n<p><strong>Mientras tanto&#8230;.<\/strong><\/p>\n<p>La crisis clim\u00e1tica sigue causando impactos directos en las vidas y medios de subsistencia de los pobres del mundo, provocando p\u00e9rdidas y sufrimiento, principalmente en los sectores marginados de los pa\u00edses m\u00e1s pobres.<\/p>\n<p>Las sequ\u00edas que diezman los cultivos, el calor extremo y las inundaciones sin precedentes ya amenazan la seguridad alimentaria. Seg\u00fan el Sexto Informe de Evaluaci\u00f3n del Grupo Intergubernamental de Expertos sobre el Cambio Clim\u00e1tico (IPCC), entre 2008 y 2022, m\u00e1s de 20 millones de personas tuvieron que abandonar sus hogares debido a las inundaciones y las tormentas, y el mismo informe prev\u00e9 que el cambio clim\u00e1tico sumir\u00e1 en la pobreza extrema a entre 32 y 132 millones de personas durante la pr\u00f3xima d\u00e9cada.<\/p>\n<p>S\u00f3lo en el a\u00f1o 2022, desde junio, 1695 personas han muerto en Pakist\u00e1n como consecuencia de las inundaciones causadas por las lluvias monz\u00f3nicas. Seg\u00fan el informe de la Oficina de Coordinaci\u00f3n de Asuntos Humanitarios de la ONU (OCHA), las inundaciones aumentar\u00e1n la inseguridad alimentaria; 5,7 millones de personas viven en zonas afectadas por las inundaciones. Se calcula que m\u00e1s de 2 millones de viviendas han quedado destruidas y cientos de miles de familias viven en campamentos provisionales, por no hablar de la propagaci\u00f3n de enfermedades, que puede provocar m\u00e1s muertes, sobre todo entre los ni\u00f1os.<\/p>\n<p>Y mientras se producen estas cat\u00e1strofes, que provocan un aut\u00e9ntico caos en la vida de las personas pobres y vulnerables, la puesta en marcha de un mecanismo de financiaci\u00f3n de p\u00e9rdidas y da\u00f1os, propuesto por los pa\u00edses en desarrollo y la COP26, a\u00fan no ha salido de la mesa. Est\u00e1 previsto que los posibles acuerdos financieros no est\u00e9n terminados hasta 2024.<\/p>\n<p><strong>Otra cumbre fallida en el pa\u00eds del dictador El-Sisi<\/strong><\/p>\n<p>Adem\u00e1s de presentar unos resultados que demuestran una vez m\u00e1s el fracaso de los administradores del capitalismo global a la hora de garantizar la preservaci\u00f3n del planeta, la COP27 se celebra en Egipto, un pa\u00eds donde el gobierno ni siquiera garantiza los derechos humanos. Las manifestaciones y reuniones est\u00e1n prohibidas en el pa\u00eds y, seg\u00fan la informaci\u00f3n recopilada por la ONG Human Rights Watch, &#8220;el ministro de Asuntos Exteriores de Egipto, Sameh Shoukry, dijo que su gobierno tiene previsto designar &#8220;una instalaci\u00f3n adyacente al centro de conferencias&#8221; en Sharm el-Sheikh, en la pen\u00ednsula del Sina\u00ed, donde se celebrar\u00e1 la reuni\u00f3n, para que los activistas organicen protestas y expresen sus opiniones&#8221;. En otras palabras, no habr\u00e1 libertad de manifestaci\u00f3n.<\/p>\n<p>La misma ONG predice que, dados los abusos de los derechos humanos practicados por el r\u00e9gimen de El-Sisi, es muy probable que haya &#8220;vigilancia f\u00edsica y digital contra los participantes de la COP27&#8221;, con un riesgo a\u00fan mayor para los participantes LGBTQ+, ya que el gobierno detiene y persigue a las personas LGBTQ+ en Egipto. Adem\u00e1s, predice que la posibilidad de que los activistas medioambientales egipcios se manifiesten durante la COP es peque\u00f1a, ya que las experiencias pasadas demuestran que puede haber represalias contra ellos despu\u00e9s del evento.<\/p>\n<p><strong>El capitalismo no garantiza la libertad ni el futuro<\/strong><\/p>\n<p>Con el sistema capitalista cada vez m\u00e1s en declive, lo que nos espera a nosotros y a las generaciones futuras es la profundizaci\u00f3n de la barbarie que ya estamos presenciando en todos los \u00e1mbitos de nuestra vida. Debemos enfrentarnos al encarecimiento de la vida, a la violencia, al desempleo, a la precarizaci\u00f3n de nuestros derechos y, adem\u00e1s, a un planeta en completo desequilibrio provocado por las pol\u00edticas aplicadas por una clase que para garantizar sus beneficios nos conduce a un camino de destrucci\u00f3n.<\/p>\n<p>Y para garantizar la aplicaci\u00f3n de sus planes, profundizan e intensifican el uso de la fuerza contra la libertad de expresi\u00f3n y organizaci\u00f3n para que los trabajadores y la juventud no busquen un nuevo camino para la necesaria destrucci\u00f3n de este sistema.<\/p>\n<p>Por eso siempre afirmamos que s\u00f3lo destruyendo el sistema capitalista y construyendo una sociedad socialista que garantice la libertad y la igualdad podremos cambiar el futuro de nuestro planeta y garantizar un futuro con calidad de vida para las pr\u00f3ximas generaciones.<\/p>\n<p><strong>Notas:<\/strong><\/p>\n<p>[1] <a href=\"https:\/\/www.wribrasil.org.br\/noticias\/impacto-das-mudancas-climaticas-6-descobertas-do-relatorio-do-ipcc-de-2022-sobre-adaptacao#:~:text=Mesmo%20se%20o%20mundo%20passar,clim%C3%A1ticos%20inevit%C3%A1veis%20significativos%20at%C3%A9%2040\" rel=\"nofollow\">https:\/\/www.wribrasil.org.br\/noticias\/impacto-das-mudancas-climaticas-6-descobertas-do-relatorio-do-ipcc-de-2022-sobre-adaptacao#:~:text=Mesmo%20se%20o%20mundo%20passar,clim%C3%A1ticos%20inevit%C3%A1veis%20significativos%20at%C3%A9%2040<\/a>.<\/p>\n<p>[2] <a href=\"https:\/\/news.un.org\/pt\/story\/2022\/10\/1804412\" rel=\"nofollow\">https:\/\/news.un.org\/pt\/story\/2022\/10\/1804412<\/a><\/p>\n<p>[3] <a href=\"https:\/\/elperiodicodelaenergia.com\/todo-el-dinero-que-se-invertira-en-petroleo-y-gas-hasta-2030-financiaria-todas-las-necesidades-de-renovables-para-alcanzar-los-objetivos-climaticos\/\" rel=\"nofollow\">https:\/\/elperiodicodelaenergia.com\/todo-el-dinero-que-se-invertira-en-petroleo-y-gas-hasta-2030-financiaria-todas-las-necesidades-de-renovables-para-alcanzar-los-objetivos-climaticos\/<\/a><\/p>\n<p><em>Foto: Yves Herman \/ WPA Pool \/ Getty Images<\/em><\/p>\n","protected":false},"excerpt":{"rendered":"<p>Por LENA SOUZA El agravamiento de la crisis clim\u00e1tica y los retrocesos en los compromisos de los pa\u00edses marcan la pauta para que la COP27 se celebre bajo la dictadura egipcia de El-Sisi. Una vez m\u00e1s, la Conferencia de las Naciones Unidas sobre el Cambio Clim\u00e1tico, que tendr\u00e1 lugar entre el 6 y el 18 [&hellip;]<\/p>\n","protected":false},"author":13882115,"featured_media":13292,"comment_status":"open","ping_status":"open","sticky":false,"template":"","format":"standard","meta":{"_crdt_document":"","_jetpack_newsletter_access":"","_jetpack_dont_email_post_to_subs":false,"_jetpack_newsletter_tier_id":0,"_jetpack_memberships_contains_paywalled_content":false,"_jetpack_memberships_contains_paid_content":false,"footnotes":"","jetpack_publicize_message":"","jetpack_publicize_feature_enabled":true,"jetpack_social_post_already_shared":true,"jetpack_social_options":{"image_generator_settings":{"template":"highway","default_image_id":0,"font":"","enabled":false},"version":2},"_wpas_customize_per_network":false,"jetpack_post_was_ever_published":false},"categories":[27625,27806,27763],"tags":[],"class_list":["post-13290","post","type-post","status-publish","format-standard","has-post-thumbnail","hentry","category-climate-crisis","category-internacionalinternational","category-middle-east"],"translation":{"provider":"WPGlobus","version":"3.0.2","language":"es","enabled_languages":["en","es"],"languages":{"en":{"title":true,"content":true,"excerpt":false},"es":{"title":true,"content":true,"excerpt":false}}},"aioseo_notices":[],"jetpack_publicize_connections":[],"jetpack_featured_media_url":"https:\/\/i0.wp.com\/workersvoiceus.org\/wp-content\/uploads\/2022\/11\/Screen-Shot-2022-11-05-at-11.51.26.webp?fit=1186%2C786&ssl=1","jetpack_likes_enabled":true,"jetpack_sharing_enabled":true,"jetpack_shortlink":"https:\/\/wp.me\/pdQxqk-3sm","amp_enabled":true,"_links":{"self":[{"href":"https:\/\/workersvoiceus.org\/es\/wp-json\/wp\/v2\/posts\/13290","targetHints":{"allow":["GET"]}}],"collection":[{"href":"https:\/\/workersvoiceus.org\/es\/wp-json\/wp\/v2\/posts"}],"about":[{"href":"https:\/\/workersvoiceus.org\/es\/wp-json\/wp\/v2\/types\/post"}],"author":[{"embeddable":true,"href":"https:\/\/workersvoiceus.org\/es\/wp-json\/wp\/v2\/users\/13882115"}],"replies":[{"embeddable":true,"href":"https:\/\/workersvoiceus.org\/es\/wp-json\/wp\/v2\/comments?post=13290"}],"version-history":[{"count":5,"href":"https:\/\/workersvoiceus.org\/es\/wp-json\/wp\/v2\/posts\/13290\/revisions"}],"predecessor-version":[{"id":13300,"href":"https:\/\/workersvoiceus.org\/es\/wp-json\/wp\/v2\/posts\/13290\/revisions\/13300"}],"wp:featuredmedia":[{"embeddable":true,"href":"https:\/\/workersvoiceus.org\/es\/wp-json\/wp\/v2\/media\/13292"}],"wp:attachment":[{"href":"https:\/\/workersvoiceus.org\/es\/wp-json\/wp\/v2\/media?parent=13290"}],"wp:term":[{"taxonomy":"category","embeddable":true,"href":"https:\/\/workersvoiceus.org\/es\/wp-json\/wp\/v2\/categories?post=13290"},{"taxonomy":"post_tag","embeddable":true,"href":"https:\/\/workersvoiceus.org\/es\/wp-json\/wp\/v2\/tags?post=13290"}],"curies":[{"name":"wp","href":"https:\/\/api.w.org\/{rel}","templated":true}]}}