{"id":12620,"date":"2022-08-22T14:41:56","date_gmt":"2022-08-22T18:41:56","guid":{"rendered":"https:\/\/workersvoiceus.org\/?p=12620"},"modified":"2022-08-22T18:18:48","modified_gmt":"2022-08-22T22:18:48","slug":"international-solidarity-with-the-palestinians","status":"publish","type":"post","link":"https:\/\/workersvoiceus.org\/es\/2022\/08\/22\/international-solidarity-with-the-palestinians\/","title":{"rendered":"\u00a1Solidaridad internacional con los palestinos!"},"content":{"rendered":"<p><img data-recalc-dims=\"1\" loading=\"lazy\" decoding=\"async\" data-attachment-id=\"12622\" data-permalink=\"https:\/\/workersvoiceus.org\/es\/2022\/08\/22\/international-solidarity-with-the-palestinians\/palest-e-jerusalem-protest-biden-menahem-kahana-afp-getty\/\" data-orig-file=\"https:\/\/i0.wp.com\/workersvoiceus.org\/wp-content\/uploads\/2022\/08\/Palest-E-Jerusalem-protest-Biden-Menahem-Kahana-AFP-Getty.webp?fit=2048%2C1342&amp;ssl=1\" data-orig-size=\"2048,1342\" data-comments-opened=\"1\" data-image-meta=\"{&quot;aperture&quot;:&quot;0&quot;,&quot;credit&quot;:&quot;&quot;,&quot;camera&quot;:&quot;&quot;,&quot;caption&quot;:&quot;&quot;,&quot;created_timestamp&quot;:&quot;0&quot;,&quot;copyright&quot;:&quot;&quot;,&quot;focal_length&quot;:&quot;0&quot;,&quot;iso&quot;:&quot;0&quot;,&quot;shutter_speed&quot;:&quot;0&quot;,&quot;title&quot;:&quot;&quot;,&quot;orientation&quot;:&quot;0&quot;}\" data-image-title=\"Palest E Jerusalem protest Biden Menahem Kahana :AFP Getty\" data-image-description=\"\" data-image-caption=\"\" data-large-file=\"https:\/\/i0.wp.com\/workersvoiceus.org\/wp-content\/uploads\/2022\/08\/Palest-E-Jerusalem-protest-Biden-Menahem-Kahana-AFP-Getty.webp?fit=723%2C474&amp;ssl=1\" class=\"alignnone size-large wp-image-12622\" src=\"https:\/\/i0.wp.com\/workersvoiceus.org\/wp-content\/uploads\/2022\/08\/Palest-E-Jerusalem-protest-Biden-Menahem-Kahana-AFP-Getty.webp?resize=723%2C474&#038;ssl=1\" alt=\"\" width=\"723\" height=\"474\" srcset=\"https:\/\/i0.wp.com\/workersvoiceus.org\/wp-content\/uploads\/2022\/08\/Palest-E-Jerusalem-protest-Biden-Menahem-Kahana-AFP-Getty.webp?resize=1024%2C671&amp;ssl=1 1024w, https:\/\/i0.wp.com\/workersvoiceus.org\/wp-content\/uploads\/2022\/08\/Palest-E-Jerusalem-protest-Biden-Menahem-Kahana-AFP-Getty.webp?resize=300%2C197&amp;ssl=1 300w, https:\/\/i0.wp.com\/workersvoiceus.org\/wp-content\/uploads\/2022\/08\/Palest-E-Jerusalem-protest-Biden-Menahem-Kahana-AFP-Getty.webp?resize=768%2C503&amp;ssl=1 768w, https:\/\/i0.wp.com\/workersvoiceus.org\/wp-content\/uploads\/2022\/08\/Palest-E-Jerusalem-protest-Biden-Menahem-Kahana-AFP-Getty.webp?resize=1536%2C1007&amp;ssl=1 1536w, https:\/\/i0.wp.com\/workersvoiceus.org\/wp-content\/uploads\/2022\/08\/Palest-E-Jerusalem-protest-Biden-Menahem-Kahana-AFP-Getty.webp?resize=1200%2C786&amp;ssl=1 1200w, https:\/\/i0.wp.com\/workersvoiceus.org\/wp-content\/uploads\/2022\/08\/Palest-E-Jerusalem-protest-Biden-Menahem-Kahana-AFP-Getty.webp?w=2048&amp;ssl=1 2048w, https:\/\/i0.wp.com\/workersvoiceus.org\/wp-content\/uploads\/2022\/08\/Palest-E-Jerusalem-protest-Biden-Menahem-Kahana-AFP-Getty.webp?w=1446&amp;ssl=1 1446w\" sizes=\"auto, (max-width: 723px) 100vw, 723px\" \/><\/p>\n<p style=\"text-align: center;\"><strong>Por ERNIE GOTTA<\/strong><\/p>\n<p>Los manifestantes se movilizaron en todo el mundo tras la masacre del 5 de agosto por parte de la aviaci\u00f3n israel\u00ed de 49 palestinos, entre ellos 17 ni\u00f1os, y cientos de heridos en Gaza. Los pol\u00edticos israel\u00edes explicaron los ataques a\u00e9reos como medidas &#8220;preventivas&#8221;, alegando motivos de seguridad y terrorismo. Esta justificaci\u00f3n no pone de manifiesto la realidad de la represi\u00f3n a la que se enfrentan los palestinos que viven bajo el apartheid israel\u00ed. Al Jazeera informa de que 4000 palestinos, muchos de ellos ni\u00f1os, han sido asesinados en ataques a\u00e9reos similares desde 2008.<\/p>\n<p>Los ataques a\u00e9reos duraron hasta el 7 de agosto, cuando Egipto negoci\u00f3 un alto el fuego. El ataque israel\u00ed se enfrent\u00f3 a la determinaci\u00f3n y resistencia continuas de los palestinos. Durante d\u00e9cadas, Gaza ha sido una gran prisi\u00f3n al aire libre del tama\u00f1o de Washington D.C., aislada de gran parte del mundo. Los movimientos pol\u00edticos y las movilizaciones en solidaridad con los palestinos siguen siendo un salvavidas vital para el pueblo de Gaza y su continua lucha.<\/p>\n<p>Mientras tanto, el gobierno de Biden ha continuado con su fuerte respaldo a Israel, incluido el apoyo militar, mientras mantiene su ret\u00f3rica sin sentido a favor de un futuro Estado palestino. Cuando Biden visit\u00f3 Israel para consultar con figuras del gobierno a mediados de julio, su convoy atraves\u00f3 brevemente Cisjordania. Le recibieron grandes pancartas que dec\u00edan &#8220;\u00a1Sr. Presidente, esto es apartheid!&#8221;.<\/p>\n<p>El 14 de agosto, los asistentes levantaron banderas palestinas durante un partido de f\u00fatbol en el Parque de los Pr\u00edncipes de Par\u00eds. La misma acci\u00f3n se produjo durante un partido de f\u00fatbol en Jordania. Las supermodelos palestinas e hijas de un refugiado, Bella y Gigi Hadid, se pronunciaron en solidaridad con su pueblo. La sensaci\u00f3n de la m\u00fasica pop, Dua Lipa, tambi\u00e9n apoya la causa palestina y, junto con las Hadid, se enfrent\u00f3 a una campa\u00f1a de desprestigio que las acusaba de ser antijud\u00edas. En Twitter, Lipa rechaz\u00f3 las calumnias y declar\u00f3: &#8220;Me solidarizo con todos los pueblos oprimidos y rechazo toda forma de racismo&#8221;.<\/p>\n<p>Los miembros de La Voz de los Trabajadores participaron en acciones en Nueva York, Filadelfia y Connecticut. En Nueva York, el 8 de agosto, los activistas ocuparon la estaci\u00f3n Grand Central, cantando &#8220;Palestina libre, libre&#8221;. El 10 de agosto, m\u00e1s de un centenar de personas acudieron a una protesta en la hora punta de Filadelfia. En Connecticut, el 17 de agosto se celebr\u00f3 una concentraci\u00f3n a mediod\u00eda, iniciada por el Comit\u00e9 de Crisis de Oriente Medio y respaldada por La Voz de los Trabajadores, en la que muchos j\u00f3venes \u00e1rabes y musulmanes de las masjids locales corearon &#8220;\u00a1Gaza, Gaza no llores, Palestina nunca morir\u00e1!&#8221;. Entre las reivindicaciones de la manifestaci\u00f3n se inclu\u00eda el recorte de la ayuda de 4.800 millones de d\u00f3lares estadounidenses a Israel.<\/p>\n<p>La Voz de los Trabajadores seguir\u00e1 organizando y expresando nuestra solidaridad con el pueblo de Palestina contra las pol\u00edticas de apartheid de Israel. Animamos a todos nuestros lectores a que est\u00e9n preparados para acudir a las acciones de solidaridad en su zona, ya que la resistencia y el movimiento palestinos siguen actuando como s\u00edmbolo e inspiraci\u00f3n para los trabajadores que se oponen al apartheid, al racismo y al imperialismo.<\/p>\n<p><em>Foto: Los palestinos de Jerusal\u00e9n Este saludan a la caravana del presidente Biden en julio. (Menahem Kahana \/ AFP \/ Getty)<\/em><\/p>\n","protected":false},"excerpt":{"rendered":"<p>Por ERNIE GOTTA Los manifestantes se movilizaron en todo el mundo tras la masacre del 5 de agosto por parte de la aviaci\u00f3n israel\u00ed de 49 palestinos, entre ellos 17 ni\u00f1os, y cientos de heridos en Gaza. Los pol\u00edticos israel\u00edes explicaron los ataques a\u00e9reos como medidas &#8220;preventivas&#8221;, alegando motivos de seguridad y terrorismo. Esta justificaci\u00f3n [&hellip;]<\/p>\n","protected":false},"author":13882115,"featured_media":12622,"comment_status":"open","ping_status":"open","sticky":false,"template":"","format":"standard","meta":{"_jetpack_newsletter_access":"","_jetpack_dont_email_post_to_subs":false,"_jetpack_newsletter_tier_id":0,"_jetpack_memberships_contains_paywalled_content":false,"_wpcom_ai_launchpad_first_post":false,"_jetpack_feature_clip_id":0,"_jetpack_memberships_contains_paid_content":false,"footnotes":"","jetpack_publicize_message":"{title}\n\n{excerpt}\n\n{url}","jetpack_publicize_feature_enabled":true,"jetpack_social_post_already_shared":true,"jetpack_social_options":{"image_generator_settings":{"template":"highway","default_image_id":0,"font":"","enabled":false},"version":2},"_wpas_customize_per_network":false,"jetpack_post_was_ever_published":false},"categories":[27763],"tags":[27857,27968],"class_list":["post-12620","post","type-post","status-publish","format-standard","has-post-thumbnail","hentry","category-middle-east","tag-israel","tag-palestine"],"translation":{"provider":"WPGlobus","version":"3.0.5","language":"es","enabled_languages":["en","es"],"languages":{"en":{"title":true,"content":true,"excerpt":false},"es":{"title":true,"content":true,"excerpt":false}}},"aioseo_notices":[],"aioseo_head":"\n\t\t<!-- All in One SEO 5.0.1.1 - aioseo.com -->\n\t<meta name=\"description\" content=\"{:en} By ERNIE GOTTA Protesters mobilized across the globe following the Aug. 5 Israeli air raid massacre of 49 Palestinians, including 17 children, and hundreds wounded in Gaza. The air strikes were explained by Israeli politicians as \u201cpre-emptive\u201d measures, citing security concerns and terrorism. This justification fails to underscore the reality of repression faced by\" \/>\n\t<meta name=\"robots\" content=\"max-image-preview:large\" \/>\n\t<meta name=\"author\" content=\"philahistory\"\/>\n\t<link rel=\"canonical\" href=\"https:\/\/workersvoiceus.org\/es\/2022\/08\/22\/international-solidarity-with-the-palestinians\/\" \/>\n\t<meta name=\"generator\" content=\"All in One SEO (AIOSEO) 5.0.1.1\" \/>\n\t\t<meta property=\"og:locale\" content=\"es_ES\" \/>\n\t\t<meta property=\"og:site_name\" content=\"La Voz de los Trabajadores - Una fusion de Socialist Resurgence y La Voz de los Trabajadores\" \/>\n\t\t<meta property=\"og:type\" content=\"article\" \/>\n\t\t<meta property=\"og:title\" content=\"\u00a1Solidaridad internacional con los palestinos! - La Voz de los Trabajadores\" \/>\n\t\t<meta property=\"og:description\" content=\"{:en} By ERNIE GOTTA Protesters mobilized across the globe following the Aug. 5 Israeli air raid massacre of 49 Palestinians, including 17 children, and hundreds wounded in Gaza. The air strikes were explained by Israeli politicians as \u201cpre-emptive\u201d measures, citing security concerns and terrorism. This justification fails to underscore the reality of repression faced by\" \/>\n\t\t<meta property=\"og:url\" content=\"https:\/\/workersvoiceus.org\/es\/2022\/08\/22\/international-solidarity-with-the-palestinians\/\" \/>\n\t\t<meta property=\"og:image\" content=\"https:\/\/workersvoiceus.org\/wp-content\/uploads\/2022\/08\/Palest-E-Jerusalem-protest-Biden-Menahem-Kahana-AFP-Getty.webp\" \/>\n\t\t<meta property=\"og:image:secure_url\" content=\"https:\/\/workersvoiceus.org\/wp-content\/uploads\/2022\/08\/Palest-E-Jerusalem-protest-Biden-Menahem-Kahana-AFP-Getty.webp\" \/>\n\t\t<meta property=\"og:image:width\" content=\"2048\" \/>\n\t\t<meta property=\"og:image:height\" content=\"1342\" \/>\n\t\t<meta property=\"article:published_time\" content=\"2022-08-22T18:41:56+00:00\" \/>\n\t\t<meta property=\"article:modified_time\" content=\"2022-08-22T22:18:48+00:00\" \/>\n\t\t<meta property=\"article:publisher\" content=\"https:\/\/www.facebook.com\/workersvoiceus\" \/>\n\t\t<meta name=\"twitter:card\" content=\"summary\" \/>\n\t\t<meta name=\"twitter:site\" content=\"@WorkersVoice_US\" \/>\n\t\t<meta name=\"twitter:title\" content=\"\u00a1Solidaridad internacional con los palestinos! - La Voz de los Trabajadores\" \/>\n\t\t<meta name=\"twitter:description\" content=\"{:en} By ERNIE GOTTA Protesters mobilized across the globe following the Aug. 5 Israeli air raid massacre of 49 Palestinians, including 17 children, and hundreds wounded in Gaza. The air strikes were explained by Israeli politicians as \u201cpre-emptive\u201d measures, citing security concerns and terrorism. This justification fails to underscore the reality of repression faced by\" \/>\n\t\t<meta name=\"twitter:creator\" content=\"@WorkersVoice_US\" \/>\n\t\t<meta name=\"twitter:image\" content=\"https:\/\/workersvoiceus.org\/wp-content\/uploads\/2022\/08\/Palest-E-Jerusalem-protest-Biden-Menahem-Kahana-AFP-Getty.webp\" \/>\n\t\t<script type=\"application\/ld+json\" class=\"aioseo-schema\">\n\t\t\t{\"@context\":\"https:\\\/\\\/schema.org\",\"@graph\":[{\"@type\":\"BlogPosting\",\"@id\":\"https:\\\/\\\/workersvoiceus.org\\\/es\\\/2022\\\/08\\\/22\\\/international-solidarity-with-the-palestinians\\\/#blogposting\",\"name\":\"\\u00a1Solidaridad internacional con los palestinos! - La Voz de los Trabajadores\",\"headline\":\"\\u00a1Solidaridad internacional con los palestinos!\",\"author\":{\"@id\":\"https:\\\/\\\/workersvoiceus.org\\\/es\\\/author\\\/philahistory\\\/#author\"},\"publisher\":{\"@id\":\"https:\\\/\\\/workersvoiceus.org\\\/es\\\/#organization\"},\"image\":{\"@type\":\"ImageObject\",\"url\":\"https:\\\/\\\/i0.wp.com\\\/workersvoiceus.org\\\/wp-content\\\/uploads\\\/2022\\\/08\\\/Palest-E-Jerusalem-protest-Biden-Menahem-Kahana-AFP-Getty.webp?fit=2048%2C1342&ssl=1\",\"width\":2048,\"height\":1342},\"datePublished\":\"2022-08-22T14:41:56-04:00\",\"dateModified\":\"2022-08-22T18:18:48-04:00\",\"inLanguage\":\"es-ES\",\"mainEntityOfPage\":{\"@id\":\"https:\\\/\\\/workersvoiceus.org\\\/es\\\/2022\\\/08\\\/22\\\/international-solidarity-with-the-palestinians\\\/#webpage\"},\"isPartOf\":{\"@id\":\"https:\\\/\\\/workersvoiceus.org\\\/es\\\/2022\\\/08\\\/22\\\/international-solidarity-with-the-palestinians\\\/#webpage\"},\"articleSection\":\"Middle East | El medio oriente, Israel, Palestine\"},{\"@type\":\"BreadcrumbList\",\"@id\":\"https:\\\/\\\/workersvoiceus.org\\\/es\\\/2022\\\/08\\\/22\\\/international-solidarity-with-the-palestinians\\\/#breadcrumblist\",\"itemListElement\":[{\"@type\":\"ListItem\",\"@id\":\"https:\\\/\\\/workersvoiceus.org\\\/es#listItem\",\"position\":1,\"name\":\"Home\",\"item\":\"https:\\\/\\\/workersvoiceus.org\\\/es\",\"nextItem\":{\"@type\":\"ListItem\",\"@id\":\"https:\\\/\\\/workersvoiceus.org\\\/es\\\/category\\\/middle-east\\\/#listItem\",\"name\":\"Middle East | El medio oriente\"}},{\"@type\":\"ListItem\",\"@id\":\"https:\\\/\\\/workersvoiceus.org\\\/es\\\/category\\\/middle-east\\\/#listItem\",\"position\":2,\"name\":\"Middle East | El medio oriente\",\"item\":\"https:\\\/\\\/workersvoiceus.org\\\/es\\\/category\\\/middle-east\\\/\",\"nextItem\":{\"@type\":\"ListItem\",\"@id\":\"https:\\\/\\\/workersvoiceus.org\\\/es\\\/2022\\\/08\\\/22\\\/international-solidarity-with-the-palestinians\\\/#listItem\",\"name\":\"\\u00a1Solidaridad internacional con los palestinos!\"},\"previousItem\":{\"@type\":\"ListItem\",\"@id\":\"https:\\\/\\\/workersvoiceus.org\\\/es#listItem\",\"name\":\"Home\"}},{\"@type\":\"ListItem\",\"@id\":\"https:\\\/\\\/workersvoiceus.org\\\/es\\\/2022\\\/08\\\/22\\\/international-solidarity-with-the-palestinians\\\/#listItem\",\"position\":3,\"name\":\"\\u00a1Solidaridad internacional con los palestinos!\",\"previousItem\":{\"@type\":\"ListItem\",\"@id\":\"https:\\\/\\\/workersvoiceus.org\\\/es\\\/category\\\/middle-east\\\/#listItem\",\"name\":\"Middle East | El medio oriente\"}}]},{\"@type\":\"Organization\",\"@id\":\"https:\\\/\\\/workersvoiceus.org\\\/es\\\/#organization\",\"name\":\"Workers' Voice\\\/La Voz de los Trabajadores\",\"description\":\"Una fusion de Socialist Resurgence y La Voz de los Trabajadores\",\"url\":\"https:\\\/\\\/workersvoiceus.org\\\/es\\\/\",\"sameAs\":[\"https:\\\/\\\/www.facebook.com\\\/workersvoiceus\",\"https:\\\/\\\/twitter.com\\\/WorkersVoice_US\",\"https:\\\/\\\/www.instagram.com\\\/workersvoiceus\\\/\"]},{\"@type\":\"Person\",\"@id\":\"https:\\\/\\\/workersvoiceus.org\\\/es\\\/author\\\/philahistory\\\/#author\",\"url\":\"https:\\\/\\\/workersvoiceus.org\\\/es\\\/author\\\/philahistory\\\/\",\"name\":\"philahistory\",\"image\":{\"@type\":\"ImageObject\",\"@id\":\"https:\\\/\\\/workersvoiceus.org\\\/es\\\/2022\\\/08\\\/22\\\/international-solidarity-with-the-palestinians\\\/#authorImage\",\"url\":\"https:\\\/\\\/secure.gravatar.com\\\/avatar\\\/4060a01da4b5637608d72866d0d000f038c0882cf6970cef03fb6d32e298e6b6?s=96&d=identicon&r=g\",\"width\":96,\"height\":96,\"caption\":\"philahistory\"}},{\"@type\":\"WebPage\",\"@id\":\"https:\\\/\\\/workersvoiceus.org\\\/es\\\/2022\\\/08\\\/22\\\/international-solidarity-with-the-palestinians\\\/#webpage\",\"url\":\"https:\\\/\\\/workersvoiceus.org\\\/es\\\/2022\\\/08\\\/22\\\/international-solidarity-with-the-palestinians\\\/\",\"name\":\"\\u00a1Solidaridad internacional con los palestinos! - La Voz de los Trabajadores\",\"description\":\"{:en} By ERNIE GOTTA Protesters mobilized across the globe following the Aug. 5 Israeli air raid massacre of 49 Palestinians, including 17 children, and hundreds wounded in Gaza. The air strikes were explained by Israeli politicians as \\u201cpre-emptive\\u201d measures, citing security concerns and terrorism. This justification fails to underscore the reality of repression faced by\",\"inLanguage\":\"es-ES\",\"isPartOf\":{\"@id\":\"https:\\\/\\\/workersvoiceus.org\\\/es\\\/#website\"},\"breadcrumb\":{\"@id\":\"https:\\\/\\\/workersvoiceus.org\\\/es\\\/2022\\\/08\\\/22\\\/international-solidarity-with-the-palestinians\\\/#breadcrumblist\"},\"author\":{\"@id\":\"https:\\\/\\\/workersvoiceus.org\\\/es\\\/author\\\/philahistory\\\/#author\"},\"creator\":{\"@id\":\"https:\\\/\\\/workersvoiceus.org\\\/es\\\/author\\\/philahistory\\\/#author\"},\"image\":{\"@type\":\"ImageObject\",\"url\":\"https:\\\/\\\/i0.wp.com\\\/workersvoiceus.org\\\/wp-content\\\/uploads\\\/2022\\\/08\\\/Palest-E-Jerusalem-protest-Biden-Menahem-Kahana-AFP-Getty.webp?fit=2048%2C1342&ssl=1\",\"@id\":\"https:\\\/\\\/workersvoiceus.org\\\/es\\\/2022\\\/08\\\/22\\\/international-solidarity-with-the-palestinians\\\/#mainImage\",\"width\":2048,\"height\":1342},\"primaryImageOfPage\":{\"@id\":\"https:\\\/\\\/workersvoiceus.org\\\/es\\\/2022\\\/08\\\/22\\\/international-solidarity-with-the-palestinians\\\/#mainImage\"},\"datePublished\":\"2022-08-22T14:41:56-04:00\",\"dateModified\":\"2022-08-22T18:18:48-04:00\"},{\"@type\":\"WebSite\",\"@id\":\"https:\\\/\\\/workersvoiceus.org\\\/es\\\/#website\",\"url\":\"https:\\\/\\\/workersvoiceus.org\\\/es\\\/\",\"name\":\"{:en}Workers' Voice\\\/La Voz de los Trabajadores{:}{:es}La Voz de los Trabajadores{:}\",\"description\":\"Una fusion de Socialist Resurgence y La Voz de los Trabajadores\",\"inLanguage\":\"es-ES\",\"publisher\":{\"@id\":\"https:\\\/\\\/workersvoiceus.org\\\/es\\\/#organization\"}}]}\n\t\t<\/script>\n\t\t<!-- All in One SEO -->\n\n","aioseo_head_json":{"title":"\u00a1Solidaridad internacional con los palestinos! - La Voz de los Trabajadores","description":"{:en} By ERNIE GOTTA Protesters mobilized across the globe following the Aug. 5 Israeli air raid massacre of 49 Palestinians, including 17 children, and hundreds wounded in Gaza. The air strikes were explained by Israeli politicians as \u201cpre-emptive\u201d measures, citing security concerns and terrorism. This justification fails to underscore the reality of repression faced by","canonical_url":"https:\/\/workersvoiceus.org\/es\/2022\/08\/22\/international-solidarity-with-the-palestinians\/","robots":"max-image-preview:large","keywords":"","webmasterTools":{"miscellaneous":""},"schema":{"@context":"https:\/\/schema.org","@graph":[{"@type":"BlogPosting","@id":"https:\/\/workersvoiceus.org\/es\/2022\/08\/22\/international-solidarity-with-the-palestinians\/#blogposting","name":"\u00a1Solidaridad internacional con los palestinos! - La Voz de los Trabajadores","headline":"\u00a1Solidaridad internacional con los palestinos!","author":{"@id":"https:\/\/workersvoiceus.org\/es\/author\/philahistory\/#author"},"publisher":{"@id":"https:\/\/workersvoiceus.org\/es\/#organization"},"image":{"@type":"ImageObject","url":"https:\/\/i0.wp.com\/workersvoiceus.org\/wp-content\/uploads\/2022\/08\/Palest-E-Jerusalem-protest-Biden-Menahem-Kahana-AFP-Getty.webp?fit=2048%2C1342&ssl=1","width":2048,"height":1342},"datePublished":"2022-08-22T14:41:56-04:00","dateModified":"2022-08-22T18:18:48-04:00","inLanguage":"es-ES","mainEntityOfPage":{"@id":"https:\/\/workersvoiceus.org\/es\/2022\/08\/22\/international-solidarity-with-the-palestinians\/#webpage"},"isPartOf":{"@id":"https:\/\/workersvoiceus.org\/es\/2022\/08\/22\/international-solidarity-with-the-palestinians\/#webpage"},"articleSection":"Middle East | El medio oriente, Israel, Palestine"},{"@type":"BreadcrumbList","@id":"https:\/\/workersvoiceus.org\/es\/2022\/08\/22\/international-solidarity-with-the-palestinians\/#breadcrumblist","itemListElement":[{"@type":"ListItem","@id":"https:\/\/workersvoiceus.org\/es#listItem","position":1,"name":"Home","item":"https:\/\/workersvoiceus.org\/es","nextItem":{"@type":"ListItem","@id":"https:\/\/workersvoiceus.org\/es\/category\/middle-east\/#listItem","name":"Middle East | El medio oriente"}},{"@type":"ListItem","@id":"https:\/\/workersvoiceus.org\/es\/category\/middle-east\/#listItem","position":2,"name":"Middle East | El medio oriente","item":"https:\/\/workersvoiceus.org\/es\/category\/middle-east\/","nextItem":{"@type":"ListItem","@id":"https:\/\/workersvoiceus.org\/es\/2022\/08\/22\/international-solidarity-with-the-palestinians\/#listItem","name":"\u00a1Solidaridad internacional con los palestinos!"},"previousItem":{"@type":"ListItem","@id":"https:\/\/workersvoiceus.org\/es#listItem","name":"Home"}},{"@type":"ListItem","@id":"https:\/\/workersvoiceus.org\/es\/2022\/08\/22\/international-solidarity-with-the-palestinians\/#listItem","position":3,"name":"\u00a1Solidaridad internacional con los palestinos!","previousItem":{"@type":"ListItem","@id":"https:\/\/workersvoiceus.org\/es\/category\/middle-east\/#listItem","name":"Middle East | El medio oriente"}}]},{"@type":"Organization","@id":"https:\/\/workersvoiceus.org\/es\/#organization","name":"Workers' Voice\/La Voz de los Trabajadores","description":"Una fusion de Socialist Resurgence y La Voz de los Trabajadores","url":"https:\/\/workersvoiceus.org\/es\/","sameAs":["https:\/\/www.facebook.com\/workersvoiceus","https:\/\/twitter.com\/WorkersVoice_US","https:\/\/www.instagram.com\/workersvoiceus\/"]},{"@type":"Person","@id":"https:\/\/workersvoiceus.org\/es\/author\/philahistory\/#author","url":"https:\/\/workersvoiceus.org\/es\/author\/philahistory\/","name":"philahistory","image":{"@type":"ImageObject","@id":"https:\/\/workersvoiceus.org\/es\/2022\/08\/22\/international-solidarity-with-the-palestinians\/#authorImage","url":"https:\/\/secure.gravatar.com\/avatar\/4060a01da4b5637608d72866d0d000f038c0882cf6970cef03fb6d32e298e6b6?s=96&d=identicon&r=g","width":96,"height":96,"caption":"philahistory"}},{"@type":"WebPage","@id":"https:\/\/workersvoiceus.org\/es\/2022\/08\/22\/international-solidarity-with-the-palestinians\/#webpage","url":"https:\/\/workersvoiceus.org\/es\/2022\/08\/22\/international-solidarity-with-the-palestinians\/","name":"\u00a1Solidaridad internacional con los palestinos! - La Voz de los Trabajadores","description":"{:en} By ERNIE GOTTA Protesters mobilized across the globe following the Aug. 5 Israeli air raid massacre of 49 Palestinians, including 17 children, and hundreds wounded in Gaza. The air strikes were explained by Israeli politicians as \u201cpre-emptive\u201d measures, citing security concerns and terrorism. This justification fails to underscore the reality of repression faced by","inLanguage":"es-ES","isPartOf":{"@id":"https:\/\/workersvoiceus.org\/es\/#website"},"breadcrumb":{"@id":"https:\/\/workersvoiceus.org\/es\/2022\/08\/22\/international-solidarity-with-the-palestinians\/#breadcrumblist"},"author":{"@id":"https:\/\/workersvoiceus.org\/es\/author\/philahistory\/#author"},"creator":{"@id":"https:\/\/workersvoiceus.org\/es\/author\/philahistory\/#author"},"image":{"@type":"ImageObject","url":"https:\/\/i0.wp.com\/workersvoiceus.org\/wp-content\/uploads\/2022\/08\/Palest-E-Jerusalem-protest-Biden-Menahem-Kahana-AFP-Getty.webp?fit=2048%2C1342&ssl=1","@id":"https:\/\/workersvoiceus.org\/es\/2022\/08\/22\/international-solidarity-with-the-palestinians\/#mainImage","width":2048,"height":1342},"primaryImageOfPage":{"@id":"https:\/\/workersvoiceus.org\/es\/2022\/08\/22\/international-solidarity-with-the-palestinians\/#mainImage"},"datePublished":"2022-08-22T14:41:56-04:00","dateModified":"2022-08-22T18:18:48-04:00"},{"@type":"WebSite","@id":"https:\/\/workersvoiceus.org\/es\/#website","url":"https:\/\/workersvoiceus.org\/es\/","name":"{:en}Workers' Voice\/La Voz de los Trabajadores{:}{:es}La Voz de los Trabajadores{:}","description":"Una fusion de Socialist Resurgence y La Voz de los Trabajadores","inLanguage":"es-ES","publisher":{"@id":"https:\/\/workersvoiceus.org\/es\/#organization"}}]},"og:locale":"es_ES","og:site_name":"La Voz de los Trabajadores - Una fusion de Socialist Resurgence y La Voz de los Trabajadores","og:type":"article","og:title":"\u00a1Solidaridad internacional con los palestinos! - La Voz de los Trabajadores","og:description":"{:en} By ERNIE GOTTA Protesters mobilized across the globe following the Aug. 5 Israeli air raid massacre of 49 Palestinians, including 17 children, and hundreds wounded in Gaza. The air strikes were explained by Israeli politicians as \u201cpre-emptive\u201d measures, citing security concerns and terrorism. This justification fails to underscore the reality of repression faced by","og:url":"https:\/\/workersvoiceus.org\/es\/2022\/08\/22\/international-solidarity-with-the-palestinians\/","og:image":"https:\/\/workersvoiceus.org\/wp-content\/uploads\/2022\/08\/Palest-E-Jerusalem-protest-Biden-Menahem-Kahana-AFP-Getty.webp","og:image:secure_url":"https:\/\/workersvoiceus.org\/wp-content\/uploads\/2022\/08\/Palest-E-Jerusalem-protest-Biden-Menahem-Kahana-AFP-Getty.webp","og:image:width":2048,"og:image:height":1342,"article:published_time":"2022-08-22T18:41:56+00:00","article:modified_time":"2022-08-22T22:18:48+00:00","article:publisher":"https:\/\/www.facebook.com\/workersvoiceus","twitter:card":"summary","twitter:site":"@WorkersVoice_US","twitter:title":"\u00a1Solidaridad internacional con los palestinos! - La Voz de los Trabajadores","twitter:description":"{:en} By ERNIE GOTTA Protesters mobilized across the globe following the Aug. 5 Israeli air raid massacre of 49 Palestinians, including 17 children, and hundreds wounded in Gaza. The air strikes were explained by Israeli politicians as \u201cpre-emptive\u201d measures, citing security concerns and terrorism. This justification fails to underscore the reality of repression faced by","twitter:creator":"@WorkersVoice_US","twitter:image":"https:\/\/workersvoiceus.org\/wp-content\/uploads\/2022\/08\/Palest-E-Jerusalem-protest-Biden-Menahem-Kahana-AFP-Getty.webp"},"aioseo_meta_data":{"post_id":"12620","title":null,"description":null,"keywords":[],"keyphrases":{"focus":{"keyphrase":"","score":0,"analysis":{"keyphraseInTitle":{"score":0,"maxScore":9,"error":1}}},"additional":[]},"primary_term":null,"canonical_url":null,"og_title":null,"og_description":null,"og_object_type":"default","og_image_type":"default","og_image_url":null,"og_image_width":null,"og_image_height":null,"og_image_custom_url":null,"og_image_custom_fields":null,"og_video":"","og_custom_url":null,"og_article_section":null,"og_article_tags":[],"twitter_use_og":false,"twitter_card":"default","twitter_image_type":"default","twitter_image_url":null,"twitter_image_custom_url":null,"twitter_image_custom_fields":null,"twitter_title":null,"twitter_description":null,"schema":{"blockGraphs":[],"customGraphs":[],"default":{"data":{"Article":[],"Course":[],"Dataset":[],"FAQPage":[],"Movie":[],"Person":[],"Product":[],"ProductReview":[],"Car":[],"Recipe":[],"Service":[],"SoftwareApplication":[],"WebPage":[]},"graphName":"","isEnabled":true},"graphs":[],"defaultGraph":"Article","defaultPostTypeGraph":""},"schema_type":"default","schema_type_options":"{\"article\":{\"articleType\":\"BlogPosting\"},\"course\":{\"name\":\"\",\"description\":\"\",\"provider\":\"\"},\"faq\":{\"pages\":[]},\"product\":{\"reviews\":[]},\"recipe\":{\"ingredients\":[],\"instructions\":[],\"keywords\":[]},\"software\":{\"reviews\":[],\"operatingSystems\":[]},\"webPage\":{\"webPageType\":\"WebPage\"},\"blockGraphs\":[]}","pillar_content":false,"robots_default":true,"robots_noindex":false,"robots_noarchive":false,"robots_nosnippet":false,"robots_nofollow":false,"robots_noimageindex":false,"robots_noodp":false,"robots_notranslate":false,"robots_max_snippet":"-1","robots_max_videopreview":"-1","robots_max_imagepreview":"large","priority":null,"frequency":"default","local_seo":null,"breadcrumb_settings":null,"limit_modified_date":false,"ai":null,"created":"2022-08-22 18:41:56","updated":"2025-06-04 09:57:43","seo_analyzer_scan_date":null,"focus_keyword":null,"additional_keywords":null,"truseo_locale":null},"aioseo_breadcrumb":"<div class=\"aioseo-breadcrumbs\"><span class=\"aioseo-breadcrumb\">\n\t\t\t<a href=\"https:\/\/workersvoiceus.org\/es\" title=\"Home\">Home<\/a>\n\t\t<\/span><span class=\"aioseo-breadcrumb-separator\">&raquo;<\/span><span class=\"aioseo-breadcrumb\">\n\t\t\t<a href=\"https:\/\/workersvoiceus.org\/es\/category\/middle-east\/\" title=\"Middle East | El medio oriente\">Middle East | El medio oriente<\/a>\n\t\t<\/span><span class=\"aioseo-breadcrumb-separator\">&raquo;<\/span><span class=\"aioseo-breadcrumb\">\n\t\t\t\u00a1Solidaridad internacional con los palestinos!\n\t\t<\/span><\/div>","aioseo_breadcrumb_json":[{"label":"Home","link":"https:\/\/workersvoiceus.org\/es"},{"label":"Middle East | El medio oriente","link":"https:\/\/workersvoiceus.org\/es\/category\/middle-east\/"},{"label":"\u00a1Solidaridad internacional con los palestinos!","link":"https:\/\/workersvoiceus.org\/es\/2022\/08\/22\/international-solidarity-with-the-palestinians\/"}],"jetpack_publicize_connections":[],"jetpack_likes_enabled":true,"jetpack_sharing_enabled":true,"jetpack_shortlink":"https:\/\/wp.me\/pdQxqk-3hy","amp_enabled":true,"jetpack_featured_media_url":"https:\/\/i0.wp.com\/workersvoiceus.org\/wp-content\/uploads\/2022\/08\/Palest-E-Jerusalem-protest-Biden-Menahem-Kahana-AFP-Getty.webp?fit=2048%2C1342&ssl=1","_links":{"self":[{"href":"https:\/\/workersvoiceus.org\/es\/wp-json\/wp\/v2\/posts\/12620","targetHints":{"allow":["GET"]}}],"collection":[{"href":"https:\/\/workersvoiceus.org\/es\/wp-json\/wp\/v2\/posts"}],"about":[{"href":"https:\/\/workersvoiceus.org\/es\/wp-json\/wp\/v2\/types\/post"}],"author":[{"embeddable":true,"href":"https:\/\/workersvoiceus.org\/es\/wp-json\/wp\/v2\/users\/13882115"}],"replies":[{"embeddable":true,"href":"https:\/\/workersvoiceus.org\/es\/wp-json\/wp\/v2\/comments?post=12620"}],"version-history":[{"count":5,"href":"https:\/\/workersvoiceus.org\/es\/wp-json\/wp\/v2\/posts\/12620\/revisions"}],"predecessor-version":[{"id":12639,"href":"https:\/\/workersvoiceus.org\/es\/wp-json\/wp\/v2\/posts\/12620\/revisions\/12639"}],"wp:featuredmedia":[{"embeddable":true,"href":"https:\/\/workersvoiceus.org\/es\/wp-json\/wp\/v2\/media\/12622"}],"wp:attachment":[{"href":"https:\/\/workersvoiceus.org\/es\/wp-json\/wp\/v2\/media?parent=12620"}],"wp:term":[{"taxonomy":"category","embeddable":true,"href":"https:\/\/workersvoiceus.org\/es\/wp-json\/wp\/v2\/categories?post=12620"},{"taxonomy":"post_tag","embeddable":true,"href":"https:\/\/workersvoiceus.org\/es\/wp-json\/wp\/v2\/tags?post=12620"}],"curies":[{"name":"wp","href":"https:\/\/api.w.org\/{rel}","templated":true}]}}