{"id":11525,"date":"2010-05-18T14:14:39","date_gmt":"2010-05-18T11:14:39","guid":{"rendered":"http:\/\/lavozdelostrabajadores.co.cc\/?p=374"},"modified":"2010-05-18T14:14:39","modified_gmt":"2010-05-18T11:14:39","slug":"universidad-de-puerto-rico-amanece-sitiada-por-la-policia","status":"publish","type":"post","link":"https:\/\/workersvoiceus.org\/es\/2010\/05\/18\/universidad-de-puerto-rico-amanece-sitiada-por-la-policia\/","title":{"rendered":"Universidad de Puerto Rico amanece sitiada por la polic\u00eda"},"content":{"rendered":"<table style=\"width: auto; padding: 0px; margin: 0px;\" border=\"0\">\n<tbody>\n<tr>\n<td style=\"padding-top: 5px; padding-right: 0px; padding-bottom: 5px; padding-left: 0px; color: #aa1428; font-family: Arial; font-size: 16px; font-weight: bold; line-height: 20px; margin: 0px;\" width=\"100%\">Universidad de Puerto Rico amanece sitiada por la polic\u00eda<\/td>\n<\/tr>\n<\/tbody>\n<\/table>\n<table style=\"width: auto; padding: 0px; margin: 0px;\" border=\"0\">\n<tbody>\n<tr>\n<td style=\"padding: 1px; margin: 0px;\" valign=\"top\"><span style=\"font-size: 10px; font-style: italic; color: #969696;\">Escrito por David Ortiz <\/span><\/td>\n<\/tr>\n<tr>\n<td style=\"color: #999999; font-size: 10px; font-weight: normal; height: 20px; vertical-align: top; padding: 1px; margin: 0px;\" valign=\"top\">Martes 18 de Mayo de 2010 01:50<\/td>\n<\/tr>\n<tr>\n<td style=\"padding: 1px; margin: 0px;\" valign=\"top\">\n<p style=\"margin-top: 1em; margin-right: 0px; margin-bottom: 1em; margin-left: 0px; padding: 0px;\"><img data-recalc-dims=\"1\" loading=\"lazy\" decoding=\"async\" class=\"alignleft\" style=\"margin-left: 6px; margin-right: 6px; margin-top: 4px; margin-bottom: 4px;\" src=\"https:\/\/i0.wp.com\/litci.org\/images\/image\/Porto%20Rico_opt.jpg?resize=160%2C120\" alt=\"\" hspace=\"6\" vspace=\"4\" width=\"160\" height=\"120\" align=\"left\" \/>Desde esta madrugada, la fuerza de choque de la Polic\u00eda de Puerto Rico, aparentemente siguiendo instrucciones de las autoridades universitarias, ha bloqueado todas las entradas al Recinto de R\u00edo Piedras de la UPR, impidiendo el acceso de personas, as\u00ed como la entrega de alimentos y agua a los estudiantes que se mantienen dentro del campus universitario desde que se inici\u00f3 la huelga estudiantil.<\/p>\n<p style=\"margin-top: 1em; margin-right: 0px; margin-bottom: 1em; margin-left: 0px; padding: 0px;\">Se espera que en cualquier momento la Fuerza de Choque entre al campus a reprimir y expulsar a los estudiantes.<\/p>\n<p style=\"margin-top: 1em; margin-right: 0px; margin-bottom: 1em; margin-left: 0px; padding: 0px;\">A todo esto, la rectora Ana Guadalupe Qui\u00f1ones est\u00e1 inaccesible. No responde llamadas ni siquiera de los decanos que tratan de contactarla con urgencia. Tampoco responde llamadas de la prensa, y mucho menos del liderato estudiantil. Los padres, madres y otras personas\u00a0que se han acercado a llevarles comida a los estudiantes en el interior del recinto han sido agredidos y arrestados por la polic\u00eda, como fue el caso del se\u00f1or Luis Torres, como podr\u00e1n ver\u00a0en una de las fotos que les reproduzco a continuaci\u00f3n. Algunas personas han optado por lanzar botellas con l\u00edquidos sobre la l\u00ednea polic\u00edaca para que caigan dentro del campus y los estudiantes puedan usarlas.<\/p>\n<\/td>\n<\/tr>\n<\/tbody>\n<\/table>\n","protected":false},"excerpt":{"rendered":"<p>Universidad de Puerto Rico amanece sitiada por la polic\u00eda Escrito por David Ortiz Martes 18 de Mayo de 2010 01:50 Desde esta madrugada, la fuerza de choque de la Polic\u00eda de Puerto Rico, aparentemente siguiendo instrucciones de las autoridades universitarias, ha bloqueado todas las entradas al Recinto de R\u00edo Piedras de la UPR, impidiendo el [&hellip;]<\/p>\n","protected":false},"author":13882120,"featured_media":0,"comment_status":"open","ping_status":"open","sticky":false,"template":"","format":"standard","meta":{"_crdt_document":"","_jetpack_newsletter_access":"","_jetpack_dont_email_post_to_subs":false,"_jetpack_newsletter_tier_id":0,"_jetpack_memberships_contains_paywalled_content":false,"_jetpack_memberships_contains_paid_content":false,"footnotes":"","jetpack_publicize_message":"","jetpack_publicize_feature_enabled":true,"jetpack_social_post_already_shared":false,"jetpack_social_options":{"image_generator_settings":{"template":"highway","default_image_id":0,"font":"","enabled":false},"version":2},"_wpas_customize_per_network":false,"jetpack_post_was_ever_published":false},"categories":[27799],"tags":[27895,27896,27781,27845,27897,27889,27898],"class_list":["post-11525","post","type-post","status-publish","format-standard","hentry","category-national","tag-ana-guadalupe-qui","tag-david-ortiz-martes","tag-educacioneducation","tag-huelgastrike","tag-luis-torres","tag-puerto-rico","tag-upr"],"translation":{"provider":"WPGlobus","version":"3.0.2","language":"es","enabled_languages":["en","es"],"languages":{"en":{"title":true,"content":false,"excerpt":false},"es":{"title":false,"content":true,"excerpt":false}}},"aioseo_notices":[],"jetpack_publicize_connections":[],"jetpack_featured_media_url":"","jetpack_likes_enabled":true,"jetpack_sharing_enabled":true,"jetpack_shortlink":"https:\/\/wp.me\/pdQxqk-2ZT","amp_enabled":true,"_links":{"self":[{"href":"https:\/\/workersvoiceus.org\/es\/wp-json\/wp\/v2\/posts\/11525","targetHints":{"allow":["GET"]}}],"collection":[{"href":"https:\/\/workersvoiceus.org\/es\/wp-json\/wp\/v2\/posts"}],"about":[{"href":"https:\/\/workersvoiceus.org\/es\/wp-json\/wp\/v2\/types\/post"}],"author":[{"embeddable":true,"href":"https:\/\/workersvoiceus.org\/es\/wp-json\/wp\/v2\/users\/13882120"}],"replies":[{"embeddable":true,"href":"https:\/\/workersvoiceus.org\/es\/wp-json\/wp\/v2\/comments?post=11525"}],"version-history":[{"count":0,"href":"https:\/\/workersvoiceus.org\/es\/wp-json\/wp\/v2\/posts\/11525\/revisions"}],"wp:attachment":[{"href":"https:\/\/workersvoiceus.org\/es\/wp-json\/wp\/v2\/media?parent=11525"}],"wp:term":[{"taxonomy":"category","embeddable":true,"href":"https:\/\/workersvoiceus.org\/es\/wp-json\/wp\/v2\/categories?post=11525"},{"taxonomy":"post_tag","embeddable":true,"href":"https:\/\/workersvoiceus.org\/es\/wp-json\/wp\/v2\/tags?post=11525"}],"curies":[{"name":"wp","href":"https:\/\/api.w.org\/{rel}","templated":true}]}}