{"id":11517,"date":"2010-04-05T15:10:00","date_gmt":"2010-04-05T22:10:00","guid":{"rendered":"http:\/\/lavozdelostrabajadores.co.cc\/?p=18"},"modified":"2010-04-05T15:10:00","modified_gmt":"2010-04-05T22:10:00","slug":"welcome-to-la-voz-de-los-trabajadores","status":"publish","type":"post","link":"https:\/\/workersvoiceus.org\/es\/2010\/04\/05\/welcome-to-la-voz-de-los-trabajadores\/","title":{"rendered":"Bienvenidos!\/ Welcome to La Voz de los Trabajadores!"},"content":{"rendered":"<p><img data-recalc-dims=\"1\" loading=\"lazy\" decoding=\"async\" class=\"alignleft size-full wp-image-541\" title=\"VozLogo\" src=\"https:\/\/i0.wp.com\/lavozlit.com\/wp-content\/uploads\/2010\/04\/VozLogo.png?resize=152%2C150\" alt=\"VozLogo\" width=\"152\" height=\"150\" \/><br \/>\n<span id=\"result_box\"><span style=\"background-color: #ffffff;\" title=\"Welcome to La Voz de los Trabajadores!\">Bienvenidos  a La Voz de los Trabajadores! <\/span><span style=\"background-color: #ffffff;\" title=\"La Voz De Los Trabajadores is a  revolutionary socialist organization.\">La Voz De Los Trabajadores es una  organizaci\u00f3n socialista revolucionaria. <\/span><span style=\"background-color: #ffffff;\" title=\"We are the  sympathizing section of the Liga Internacional de los Trabajadores \u2013  Cuarta Internacional (LIT-CI) in the United States.\">Somos la secci\u00f3n  simpatizante de la Liga Internacional de los Trabajadores &#8211; Cuarta  Internacional (LIT-CI) en los Estados Unidos. <\/span><span style=\"background-color: #ffffff;\" title=\"Strongly rooted in  the struggles of the immigrant working class &amp; the fight for  militant, democratic trade unions that defend the principle of class  independence, La Voz De Los Trabajadores emerged in the California Bay  Area in 2008\">Fuertemente arraigada en las luchas de la clase obrera  inmigrante y la lucha por los sindicatos combativos, democr\u00e1ticas que  defienden el principio de independencia de clase, La Voz De Los  Trabajadores surgi\u00f3 en la zona de la bah\u00eda de California en 2008<\/span><\/span><br \/>\n<span style=\"background-color: #ffffff;\" title=\"In the coming  weeks we will be updating our website and putting our perspectives in  the class and opression struggles of the US and those of our Fourth  International \u2013 LIT-CI.\">En las pr\u00f3ximas semanas estaremos actualizando  nuestro sitio web y poner nuestras perspectivas en la clase y la  opresi\u00f3n luchas de los EE.UU. y los de nuestra Cuarta Internacional &#8211;  LIT-CI.<\/span><br \/>\n<span style=\"background-color: #ffffff;\" title=\"In the coming  weeks we will be updating our website and putting our perspectives in  the class and opression struggles of the US and those of our Fourth  International \u2013 LIT-CI.\">_______________________________<\/span><br \/>\n<span style=\"background-color: #ffffff;\" title=\"In the coming  weeks we will be updating our website and putting our perspectives in  the class and opression struggles of the US and those of our Fourth  International \u2013 LIT-CI.\"><br \/>\n<\/span><br \/>\nWelcome to La Voz de los Trabajadores! La Voz De Los Trabajadores is a revolutionary socialist organization. We are the sympathizing section of the Liga Internacional de los Trabajadores \u2013 Cuarta Internacional (LIT-CI) in the United States. Strongly rooted in the struggles of the immigrant working class &amp; the fight for militant, democratic trade unions that defend the principle of class independence, La Voz De Los Trabajadores emerged in the California Bay Area in 2008<br \/>\nIn the coming weeks we will be updating our website and putting our perspectives in the class and opression struggles of the U.S. and those of our Fourth International &#8211; LIT-CI.<\/p>\n","protected":false},"excerpt":{"rendered":"<p>Bienvenidos a La Voz de los Trabajadores! La Voz De Los Trabajadores es una organizaci\u00f3n socialista revolucionaria. Somos la secci\u00f3n simpatizante de la Liga Internacional de los Trabajadores &#8211; Cuarta Internacional (LIT-CI) en los Estados Unidos. Fuertemente arraigada en las luchas de la clase obrera inmigrante y la lucha por los sindicatos combativos, democr\u00e1ticas que [&hellip;]<\/p>\n","protected":false},"author":13882120,"featured_media":0,"comment_status":"open","ping_status":"open","sticky":false,"template":"","format":"standard","meta":{"_crdt_document":"","_jetpack_newsletter_access":"","_jetpack_dont_email_post_to_subs":false,"_jetpack_newsletter_tier_id":0,"_jetpack_memberships_contains_paywalled_content":false,"_jetpack_memberships_contains_paid_content":false,"footnotes":"","jetpack_publicize_message":"","jetpack_publicize_feature_enabled":true,"jetpack_social_post_already_shared":false,"jetpack_social_options":{"image_generator_settings":{"template":"highway","default_image_id":0,"font":"","enabled":false},"version":2},"_wpas_customize_per_network":false,"jetpack_post_was_ever_published":false},"categories":[27799],"tags":[27842,27805,27843,27844],"class_list":["post-11517","post","type-post","status-publish","format-standard","hentry","category-national","tag-california-bay-area","tag-estados-unidos","tag-la-voz","tag-liga-internacional"],"translation":{"provider":"WPGlobus","version":"3.0.2","language":"es","enabled_languages":["en","es"],"languages":{"en":{"title":true,"content":false,"excerpt":false},"es":{"title":false,"content":true,"excerpt":false}}},"aioseo_notices":[],"jetpack_publicize_connections":[],"jetpack_featured_media_url":"","jetpack_likes_enabled":true,"jetpack_sharing_enabled":true,"jetpack_shortlink":"https:\/\/wp.me\/pdQxqk-2ZL","amp_enabled":true,"_links":{"self":[{"href":"https:\/\/workersvoiceus.org\/es\/wp-json\/wp\/v2\/posts\/11517","targetHints":{"allow":["GET"]}}],"collection":[{"href":"https:\/\/workersvoiceus.org\/es\/wp-json\/wp\/v2\/posts"}],"about":[{"href":"https:\/\/workersvoiceus.org\/es\/wp-json\/wp\/v2\/types\/post"}],"author":[{"embeddable":true,"href":"https:\/\/workersvoiceus.org\/es\/wp-json\/wp\/v2\/users\/13882120"}],"replies":[{"embeddable":true,"href":"https:\/\/workersvoiceus.org\/es\/wp-json\/wp\/v2\/comments?post=11517"}],"version-history":[{"count":0,"href":"https:\/\/workersvoiceus.org\/es\/wp-json\/wp\/v2\/posts\/11517\/revisions"}],"wp:attachment":[{"href":"https:\/\/workersvoiceus.org\/es\/wp-json\/wp\/v2\/media?parent=11517"}],"wp:term":[{"taxonomy":"category","embeddable":true,"href":"https:\/\/workersvoiceus.org\/es\/wp-json\/wp\/v2\/categories?post=11517"},{"taxonomy":"post_tag","embeddable":true,"href":"https:\/\/workersvoiceus.org\/es\/wp-json\/wp\/v2\/tags?post=11517"}],"curies":[{"name":"wp","href":"https:\/\/api.w.org\/{rel}","templated":true}]}}